{"id":36261,"date":"2023-01-30T17:07:25","date_gmt":"2023-01-30T16:07:25","guid":{"rendered":"https:\/\/www.studiochiesa.it\/?p=36261"},"modified":"2023-03-01T09:53:32","modified_gmt":"2023-03-01T08:53:32","slug":"arte-contemporanea-risposta-inclusiva-ai-musei","status":"publish","type":"post","link":"https:\/\/www.studiochiesa.it\/en\/arte-contemporanea-risposta-inclusiva-ai-musei\/","title":{"rendered":"L\u2019arte contemporanea: la risposta inclusiva ai musei"},"content":{"rendered":"<p>Che i musei siano realt\u00e0 culturali spesso percepite lontane dalla contemporaneit\u00e0, anche quando conservano la contemporaneit\u00e0 \u00e8 purtroppo un dato di fatto. Che vengano percepiti come luoghi di nicchia, per esperti e appassionati, anche. Che le collezioni, pure le pi\u00f9 evocative, siano irrigidite in allestimenti che sottraggono loro empatia e linguaggio, pure. Ebbene, una parola che sembra sia divenuta la panacea, dopo il termine resilienza, \u00e8 sicuramente \u201cinclusione\u201d. Pare essere il must. In una societ\u00e0 sempre pi\u00f9 autoreferenziale e respingente, essere inclusivi, o provarci, diviene distintivo. Ma dal dirlo, anzi dal proclamarlo, al farlo non esistono automatismi n\u00e9 scorciatoie.<\/p>\n<p>L\u2019inclusivit\u00e0 non \u00e8 solo quella fisica, legittima e necessaria, nel rendere gli spazi accessibili, ma vi \u00e8 quella linguistica (nei nostri musei, se va bene, abbiamo l\u2019italiano e forse l\u2019inglese), contenutistica (fornire una variet\u00e0 che consenta l\u2019approfondimento e al contempo una differenziazione per pubblici diversi, anagraficamente e culturalmente), visiva (gli apparati didascalici sono di frequente obsoleti, poco leggibili, o peggio datati con informazioni superate).<\/p>\n<p>L\u2019inclusivit\u00e0 diviene poi una barzelletta quando il museo stesso invece di essere aperto, rimane chiuso. E qui si dovrebbe aprire un\u2019ulteriore parantesi sulle scelte politiche, sulla ricaduta sui cittadini, sui bilanci che spesso prevedono il solo mantenimento della struttura, nelle voci dei costi essenziali, e non la promozione, la progettazione, la valorizzazione e, appunto, l\u2019apertura. Del resto siamo il paese al mondo con pi\u00f9 Musei, tanto che l\u2019ex ministro Antonio Paolucci a suo tempo coni\u00f2 in maniera appropriata per l\u2019Italia la definizione di \u201cmuseo diffuso\u201d. Siamo maledettamente ricchi nella unicit\u00e0 e al contempo variet\u00e0 del patrimonio e ci accontentiamo di appuntarci questo blasone senza fare una reale ricognizione sulla qualit\u00e0 e l\u2019efficienza del nostro straordinario apparato museale.<\/p>\n<p>Una delle soluzioni la pu\u00f2 fornire l\u2019arte contemporanea, disciplinata dallo sguardo del curatore, che sappia indirizzare l\u2019artista agli obiettivi di reinterpretazione e attualizzazione della collezione. Perch\u00e9 generalmente i nostri musei \u201cospitano\u201d l\u2019arte contemporanea ma non interagiscono con essa. Certo, non \u00e8 dovuto. Forse questa necessit\u00e0 non \u00e8 sentita perch\u00e9 non si intendono le carsiche potenzialit\u00e0 espressive dell\u2019arte contemporanea a contatto con reperti di tempi altri e di natura diversa. Eppure l\u2019italiano si \u00e8 costituito dalla spinta del volgare che ha soppiantato, facendolo proprio e rielaborandolo, l\u2019aulico latino. Noi parliamo il latino, inconsapevolmente, attraverso la mediazione accomodante e necessaria di una lingua pi\u00f9 moderna che guarda al futuro, rinnovandosi, ma trattiene l\u2019antico. L\u2019arte contemporanea similmente pu\u00f2 fungere da collante, da trait d\u2019union tra ci\u00f2 che c\u2019\u00e8 e un pubblico che a volte non comprende o comprende a fatica il vocabolario museale.<\/p>\n<p>Dall\u2019astrazione concettuale occorre passare alla concretezza esemplare di un progetto sperimentale che \u00e8 giunto alla seconda edizione e vedr\u00e0 quest\u2019anno la terza: si tratta di \u201cVisioni dall\u2019infra-ordinario\u201d al Museo Ettore Guatelli di Ozzano Taro (PR). Per chi non conosce questo eccezionale Museo, vale la pena visitarlo. Per chi lo conosce, grazie all\u2019arte contemporanea vale la pena rivisitarlo, proprio perch\u00e9 gli artisti sono chiamati a interagire con le collezioni, nello spazio della stalla, che diviene laica navata, a reinterpretarle e rinnovarle anche mediante l\u2019inclusione di oggetti nelle loro opere d\u2019arte. Gli artisti non fagocitano, anzi si mettono in ascolto e in dialogo col patrimonio materiale e immateriale. Si attua un\u2019epifania interdisciplinare, che esplora i territori di tangenza e contiguit\u00e0 tra mondi apparentemente differenti: quello artistico, dell\u2019antropologia e delle scienze. Il sapere, nella sua complessit\u00e0, si ri-costruisce attraverso l\u2019interazione di materie e sensibilit\u00e0 differenti. L\u2019arte, l\u2019antropologia e la museologia dove si collocano? Esattamente dentro a questo processo di analisi, di riflessione e di metamorfosi creativa che fa del museo un luogo narrativo, di riscrittura e di invenzione di nuovi sguardi e nuove derive. L\u2019arte insomma agisce da catalizzatore immaginifico per il presente del museo e soprattutto per il futuro.<\/p>","protected":false},"excerpt":{"rendered":"<p>Che i musei siano realt\u00e0 culturali spesso percepite lontane dalla contemporaneit\u00e0, anche quando conservano la contemporaneit\u00e0 \u00e8 purtroppo un dato di fatto. Che vengano percepiti come luoghi di nicchia, per esperti e appassionati, anche. Che le collezioni, pure le pi\u00f9 evocative, siano irrigidite in allestimenti che sottraggono loro empatia e linguaggio, pure. Ebbene, una parola [&hellip;]<\/p>","protected":false},"author":6,"featured_media":36267,"comment_status":"closed","ping_status":"closed","sticky":false,"template":"","format":"standard","meta":{"footnotes":""},"categories":[126],"tags":[223],"class_list":["post-36261","post","type-post","status-publish","format-standard","has-post-thumbnail","hentry","category-cultura","tag-223"],"yoast_head":"<!-- This site is optimized with the Yoast SEO Premium plugin v26.3 (Yoast SEO v27.5) - https:\/\/yoast.com\/product\/yoast-seo-premium-wordpress\/ -->\n<title>LA RISPOSTA INCLUSIVA AI MUSEI - Studio Chiesa<\/title>\n<meta name=\"description\" content=\"L\u2019inclusivit\u00e0 non \u00e8 solo quella fisica, nel rendere gli spazi accessibili, ma vi \u00e8 quella linguistica, contenutistica, visiva.\" \/>\n<meta name=\"robots\" content=\"index, follow, max-snippet:-1, max-image-preview:large, max-video-preview:-1\" \/>\n<link rel=\"canonical\" href=\"https:\/\/www.studiochiesa.it\/en\/arte-contemporanea-risposta-inclusiva-ai-musei\/\" \/>\n<meta property=\"og:locale\" content=\"en_GB\" \/>\n<meta property=\"og:type\" content=\"article\" \/>\n<meta property=\"og:title\" content=\"L\u2019arte contemporanea: la risposta inclusiva ai musei\" \/>\n<meta property=\"og:description\" content=\"L\u2019inclusivit\u00e0 non \u00e8 solo quella fisica, nel rendere gli spazi accessibili, ma vi \u00e8 quella linguistica, contenutistica, visiva.\" \/>\n<meta property=\"og:url\" content=\"https:\/\/www.studiochiesa.it\/en\/arte-contemporanea-risposta-inclusiva-ai-musei\/\" \/>\n<meta property=\"og:site_name\" content=\"Studio Chiesa\" \/>\n<meta property=\"article:publisher\" content=\"https:\/\/www.facebook.com\/pages\/Studio-Chiesa\/407194632625821\" \/>\n<meta property=\"article:published_time\" content=\"2023-01-30T16:07:25+00:00\" \/>\n<meta property=\"article:modified_time\" content=\"2023-03-01T08:53:32+00:00\" \/>\n<meta property=\"og:image\" content=\"https:\/\/www.studiochiesa.it\/wp-content\/uploads\/2023\/01\/2023_01_30-artecontemporanearispostaaimusei.jpg\" \/>\n\t<meta property=\"og:image:width\" content=\"1200\" \/>\n\t<meta property=\"og:image:height\" content=\"628\" \/>\n\t<meta property=\"og:image:type\" content=\"image\/jpeg\" \/>\n<meta name=\"author\" content=\"Elisabetta Pozzetti\" \/>\n<meta name=\"twitter:card\" content=\"summary_large_image\" \/>\n<meta name=\"twitter:label1\" content=\"Written by\" \/>\n\t<meta name=\"twitter:data1\" content=\"Elisabetta Pozzetti\" \/>\n\t<meta name=\"twitter:label2\" content=\"Estimated reading time\" \/>\n\t<meta name=\"twitter:data2\" content=\"3 minutes\" \/>\n<script type=\"application\/ld+json\" class=\"yoast-schema-graph\">{\"@context\":\"https:\\\/\\\/schema.org\",\"@graph\":[{\"@type\":\"Article\",\"@id\":\"https:\\\/\\\/www.studiochiesa.it\\\/arte-contemporanea-risposta-inclusiva-ai-musei\\\/#article\",\"isPartOf\":{\"@id\":\"https:\\\/\\\/www.studiochiesa.it\\\/arte-contemporanea-risposta-inclusiva-ai-musei\\\/\"},\"author\":{\"name\":\"Elisabetta Pozzetti\",\"@id\":\"https:\\\/\\\/www.studiochiesa.it\\\/en\\\/#\\\/schema\\\/person\\\/83905ac3fe6ec41d930023abdc2be976\"},\"headline\":\"L\u2019arte contemporanea: la risposta inclusiva ai musei\",\"datePublished\":\"2023-01-30T16:07:25+00:00\",\"dateModified\":\"2023-03-01T08:53:32+00:00\",\"mainEntityOfPage\":{\"@id\":\"https:\\\/\\\/www.studiochiesa.it\\\/arte-contemporanea-risposta-inclusiva-ai-musei\\\/\"},\"wordCount\":648,\"publisher\":{\"@id\":\"https:\\\/\\\/www.studiochiesa.it\\\/en\\\/#organization\"},\"image\":{\"@id\":\"https:\\\/\\\/www.studiochiesa.it\\\/arte-contemporanea-risposta-inclusiva-ai-musei\\\/#primaryimage\"},\"thumbnailUrl\":\"https:\\\/\\\/www.studiochiesa.it\\\/wp-content\\\/uploads\\\/2023\\\/01\\\/2023_01_30-artecontemporanearispostaaimusei.jpg\",\"keywords\":[\"2023\"],\"articleSection\":[\"Cultura\"],\"inLanguage\":\"en-GB\",\"copyrightYear\":\"2023\",\"copyrightHolder\":{\"@id\":\"https:\\\/\\\/www.studiochiesa.it\\\/en\\\/#organization\"}},{\"@type\":\"WebPage\",\"@id\":\"https:\\\/\\\/www.studiochiesa.it\\\/arte-contemporanea-risposta-inclusiva-ai-musei\\\/\",\"url\":\"https:\\\/\\\/www.studiochiesa.it\\\/arte-contemporanea-risposta-inclusiva-ai-musei\\\/\",\"name\":\"LA RISPOSTA INCLUSIVA AI MUSEI - Studio Chiesa\",\"isPartOf\":{\"@id\":\"https:\\\/\\\/www.studiochiesa.it\\\/en\\\/#website\"},\"primaryImageOfPage\":{\"@id\":\"https:\\\/\\\/www.studiochiesa.it\\\/arte-contemporanea-risposta-inclusiva-ai-musei\\\/#primaryimage\"},\"image\":{\"@id\":\"https:\\\/\\\/www.studiochiesa.it\\\/arte-contemporanea-risposta-inclusiva-ai-musei\\\/#primaryimage\"},\"thumbnailUrl\":\"https:\\\/\\\/www.studiochiesa.it\\\/wp-content\\\/uploads\\\/2023\\\/01\\\/2023_01_30-artecontemporanearispostaaimusei.jpg\",\"datePublished\":\"2023-01-30T16:07:25+00:00\",\"dateModified\":\"2023-03-01T08:53:32+00:00\",\"description\":\"L\u2019inclusivit\u00e0 non \u00e8 solo quella fisica, nel rendere gli spazi accessibili, ma vi \u00e8 quella linguistica, contenutistica, visiva.\",\"breadcrumb\":{\"@id\":\"https:\\\/\\\/www.studiochiesa.it\\\/arte-contemporanea-risposta-inclusiva-ai-musei\\\/#breadcrumb\"},\"inLanguage\":\"en-GB\",\"potentialAction\":[{\"@type\":\"ReadAction\",\"target\":[\"https:\\\/\\\/www.studiochiesa.it\\\/arte-contemporanea-risposta-inclusiva-ai-musei\\\/\"]}]},{\"@type\":\"ImageObject\",\"inLanguage\":\"en-GB\",\"@id\":\"https:\\\/\\\/www.studiochiesa.it\\\/arte-contemporanea-risposta-inclusiva-ai-musei\\\/#primaryimage\",\"url\":\"https:\\\/\\\/www.studiochiesa.it\\\/wp-content\\\/uploads\\\/2023\\\/01\\\/2023_01_30-artecontemporanearispostaaimusei.jpg\",\"contentUrl\":\"https:\\\/\\\/www.studiochiesa.it\\\/wp-content\\\/uploads\\\/2023\\\/01\\\/2023_01_30-artecontemporanearispostaaimusei.jpg\",\"width\":1200,\"height\":628},{\"@type\":\"BreadcrumbList\",\"@id\":\"https:\\\/\\\/www.studiochiesa.it\\\/arte-contemporanea-risposta-inclusiva-ai-musei\\\/#breadcrumb\",\"itemListElement\":[{\"@type\":\"ListItem\",\"position\":1,\"name\":\"Home\",\"item\":\"https:\\\/\\\/www.studiochiesa.it\\\/\"},{\"@type\":\"ListItem\",\"position\":2,\"name\":\"L\u2019arte contemporanea: la risposta inclusiva ai musei\"}]},{\"@type\":\"WebSite\",\"@id\":\"https:\\\/\\\/www.studiochiesa.it\\\/en\\\/#website\",\"url\":\"https:\\\/\\\/www.studiochiesa.it\\\/en\\\/\",\"name\":\"Studio Chiesa\",\"description\":\"\",\"publisher\":{\"@id\":\"https:\\\/\\\/www.studiochiesa.it\\\/en\\\/#organization\"},\"potentialAction\":[{\"@type\":\"SearchAction\",\"target\":{\"@type\":\"EntryPoint\",\"urlTemplate\":\"https:\\\/\\\/www.studiochiesa.it\\\/en\\\/?s={search_term_string}\"},\"query-input\":{\"@type\":\"PropertyValueSpecification\",\"valueRequired\":true,\"valueName\":\"search_term_string\"}}],\"inLanguage\":\"en-GB\"},{\"@type\":[\"Organization\",\"Place\"],\"@id\":\"https:\\\/\\\/www.studiochiesa.it\\\/en\\\/#organization\",\"name\":\"Studio Chiesa Communication\",\"alternateName\":\"Studio Chiesa\",\"url\":\"https:\\\/\\\/www.studiochiesa.it\\\/en\\\/\",\"logo\":{\"@id\":\"https:\\\/\\\/www.studiochiesa.it\\\/arte-contemporanea-risposta-inclusiva-ai-musei\\\/#local-main-organization-logo\"},\"image\":{\"@id\":\"https:\\\/\\\/www.studiochiesa.it\\\/arte-contemporanea-risposta-inclusiva-ai-musei\\\/#local-main-organization-logo\"},\"sameAs\":[\"https:\\\/\\\/www.facebook.com\\\/pages\\\/Studio-Chiesa\\\/407194632625821\",\"https:\\\/\\\/www.linkedin.com\\\/company\\\/studio-chiesa\\\/\",\"https:\\\/\\\/www.instagram.com\\\/studiochiesa\\\/\",\"https:\\\/\\\/www.youtube.com\\\/user\\\/StudioChiesa\"],\"address\":{\"@id\":\"https:\\\/\\\/www.studiochiesa.it\\\/arte-contemporanea-risposta-inclusiva-ai-musei\\\/#local-main-place-address\"},\"geo\":{\"@type\":\"GeoCoordinates\",\"latitude\":\"45.450479\",\"longitude\":\"9.1723044\"},\"telephone\":[\"+39 0254116738\"],\"openingHoursSpecification\":[{\"@type\":\"OpeningHoursSpecification\",\"dayOfWeek\":[\"Monday\",\"Tuesday\",\"Wednesday\",\"Thursday\",\"Friday\",\"Saturday\",\"Sunday\"],\"opens\":\"09:00\",\"closes\":\"17:00\"}],\"vatID\":\"01687340206\"},{\"@type\":\"Person\",\"@id\":\"https:\\\/\\\/www.studiochiesa.it\\\/en\\\/#\\\/schema\\\/person\\\/83905ac3fe6ec41d930023abdc2be976\",\"name\":\"Elisabetta Pozzetti\",\"image\":{\"@type\":\"ImageObject\",\"inLanguage\":\"en-GB\",\"@id\":\"https:\\\/\\\/secure.gravatar.com\\\/avatar\\\/0f7143f5fb5844f0f6ee361e350fd455431db83639374f157086917c24acbd3f?s=96&d=mm&r=g\",\"url\":\"https:\\\/\\\/secure.gravatar.com\\\/avatar\\\/0f7143f5fb5844f0f6ee361e350fd455431db83639374f157086917c24acbd3f?s=96&d=mm&r=g\",\"contentUrl\":\"https:\\\/\\\/secure.gravatar.com\\\/avatar\\\/0f7143f5fb5844f0f6ee361e350fd455431db83639374f157086917c24acbd3f?s=96&d=mm&r=g\",\"caption\":\"Elisabetta Pozzetti\"},\"description\":\"Critica d\u2019arte e giornalista, dal 2000 progetta esposizioni museali, mostre d\u2019arte contemporanea e moderna, d'impronta spesso sperimentale, collaborando con enti pubblici e privati, in Italia e all\u2019estero. \u00c8 art curator di Studio Chiesa e consulente sui media tecnologici applicati alla museografia. Ha realizzato un centinaio di mostre e altrettante pubblicazioni. Dal 2019 lavora alla progettazione del nascente museo d\u2019impresa \u201cCasa Marcegaglia\u201d. \u00c8 amministratore pubblico nel Comune di Fabbrico, Reggio Emilia.\",\"sameAs\":[\"https:\\\/\\\/www.linkedin.com\\\/in\\\/elisabetta-pozzetti-30409229\\\/\"],\"url\":\"https:\\\/\\\/www.studiochiesa.it\\\/en\\\/author\\\/elisabetta\\\/\"},{\"@type\":\"PostalAddress\",\"@id\":\"https:\\\/\\\/www.studiochiesa.it\\\/arte-contemporanea-risposta-inclusiva-ai-musei\\\/#local-main-place-address\",\"streetAddress\":\"Piazza Arcole, 4\",\"addressLocality\":\"Milano\",\"postalCode\":\"20143\",\"addressRegion\":\"Italia\",\"addressCountry\":\"IT\"},{\"@type\":\"ImageObject\",\"inLanguage\":\"en-GB\",\"@id\":\"https:\\\/\\\/www.studiochiesa.it\\\/arte-contemporanea-risposta-inclusiva-ai-musei\\\/#local-main-organization-logo\",\"url\":\"https:\\\/\\\/www.studiochiesa.it\\\/wp-content\\\/uploads\\\/2023\\\/05\\\/quadratino_SC.jpg\",\"contentUrl\":\"https:\\\/\\\/www.studiochiesa.it\\\/wp-content\\\/uploads\\\/2023\\\/05\\\/quadratino_SC.jpg\",\"width\":696,\"height\":696,\"caption\":\"Studio Chiesa Communication\"}]}<\/script>\n<meta name=\"geo.placename\" content=\"Milano\" \/>\n<meta name=\"geo.position\" content=\"45.450479;9.1723044\" \/>\n<meta name=\"geo.region\" content=\"Italy\" \/>\n<!-- \/ Yoast SEO Premium plugin. -->","yoast_head_json":{"title":"LA RISPOSTA INCLUSIVA AI MUSEI - Studio Chiesa","description":"L\u2019inclusivit\u00e0 non \u00e8 solo quella fisica, nel rendere gli spazi accessibili, ma vi \u00e8 quella linguistica, contenutistica, visiva.","robots":{"index":"index","follow":"follow","max-snippet":"max-snippet:-1","max-image-preview":"max-image-preview:large","max-video-preview":"max-video-preview:-1"},"canonical":"https:\/\/www.studiochiesa.it\/en\/arte-contemporanea-risposta-inclusiva-ai-musei\/","og_locale":"en_GB","og_type":"article","og_title":"L\u2019arte contemporanea: la risposta inclusiva ai musei","og_description":"L\u2019inclusivit\u00e0 non \u00e8 solo quella fisica, nel rendere gli spazi accessibili, ma vi \u00e8 quella linguistica, contenutistica, visiva.","og_url":"https:\/\/www.studiochiesa.it\/en\/arte-contemporanea-risposta-inclusiva-ai-musei\/","og_site_name":"Studio Chiesa","article_publisher":"https:\/\/www.facebook.com\/pages\/Studio-Chiesa\/407194632625821","article_published_time":"2023-01-30T16:07:25+00:00","article_modified_time":"2023-03-01T08:53:32+00:00","og_image":[{"width":1200,"height":628,"url":"https:\/\/www.studiochiesa.it\/wp-content\/uploads\/2023\/01\/2023_01_30-artecontemporanearispostaaimusei.jpg","type":"image\/jpeg"}],"author":"Elisabetta Pozzetti","twitter_card":"summary_large_image","twitter_misc":{"Written by":"Elisabetta Pozzetti","Estimated reading time":"3 minutes"},"schema":{"@context":"https:\/\/schema.org","@graph":[{"@type":"Article","@id":"https:\/\/www.studiochiesa.it\/arte-contemporanea-risposta-inclusiva-ai-musei\/#article","isPartOf":{"@id":"https:\/\/www.studiochiesa.it\/arte-contemporanea-risposta-inclusiva-ai-musei\/"},"author":{"name":"Elisabetta Pozzetti","@id":"https:\/\/www.studiochiesa.it\/en\/#\/schema\/person\/83905ac3fe6ec41d930023abdc2be976"},"headline":"L\u2019arte contemporanea: la risposta inclusiva ai musei","datePublished":"2023-01-30T16:07:25+00:00","dateModified":"2023-03-01T08:53:32+00:00","mainEntityOfPage":{"@id":"https:\/\/www.studiochiesa.it\/arte-contemporanea-risposta-inclusiva-ai-musei\/"},"wordCount":648,"publisher":{"@id":"https:\/\/www.studiochiesa.it\/en\/#organization"},"image":{"@id":"https:\/\/www.studiochiesa.it\/arte-contemporanea-risposta-inclusiva-ai-musei\/#primaryimage"},"thumbnailUrl":"https:\/\/www.studiochiesa.it\/wp-content\/uploads\/2023\/01\/2023_01_30-artecontemporanearispostaaimusei.jpg","keywords":["2023"],"articleSection":["Cultura"],"inLanguage":"en-GB","copyrightYear":"2023","copyrightHolder":{"@id":"https:\/\/www.studiochiesa.it\/en\/#organization"}},{"@type":"WebPage","@id":"https:\/\/www.studiochiesa.it\/arte-contemporanea-risposta-inclusiva-ai-musei\/","url":"https:\/\/www.studiochiesa.it\/arte-contemporanea-risposta-inclusiva-ai-musei\/","name":"LA RISPOSTA INCLUSIVA AI MUSEI - Studio Chiesa","isPartOf":{"@id":"https:\/\/www.studiochiesa.it\/en\/#website"},"primaryImageOfPage":{"@id":"https:\/\/www.studiochiesa.it\/arte-contemporanea-risposta-inclusiva-ai-musei\/#primaryimage"},"image":{"@id":"https:\/\/www.studiochiesa.it\/arte-contemporanea-risposta-inclusiva-ai-musei\/#primaryimage"},"thumbnailUrl":"https:\/\/www.studiochiesa.it\/wp-content\/uploads\/2023\/01\/2023_01_30-artecontemporanearispostaaimusei.jpg","datePublished":"2023-01-30T16:07:25+00:00","dateModified":"2023-03-01T08:53:32+00:00","description":"L\u2019inclusivit\u00e0 non \u00e8 solo quella fisica, nel rendere gli spazi accessibili, ma vi \u00e8 quella linguistica, contenutistica, visiva.","breadcrumb":{"@id":"https:\/\/www.studiochiesa.it\/arte-contemporanea-risposta-inclusiva-ai-musei\/#breadcrumb"},"inLanguage":"en-GB","potentialAction":[{"@type":"ReadAction","target":["https:\/\/www.studiochiesa.it\/arte-contemporanea-risposta-inclusiva-ai-musei\/"]}]},{"@type":"ImageObject","inLanguage":"en-GB","@id":"https:\/\/www.studiochiesa.it\/arte-contemporanea-risposta-inclusiva-ai-musei\/#primaryimage","url":"https:\/\/www.studiochiesa.it\/wp-content\/uploads\/2023\/01\/2023_01_30-artecontemporanearispostaaimusei.jpg","contentUrl":"https:\/\/www.studiochiesa.it\/wp-content\/uploads\/2023\/01\/2023_01_30-artecontemporanearispostaaimusei.jpg","width":1200,"height":628},{"@type":"BreadcrumbList","@id":"https:\/\/www.studiochiesa.it\/arte-contemporanea-risposta-inclusiva-ai-musei\/#breadcrumb","itemListElement":[{"@type":"ListItem","position":1,"name":"Home","item":"https:\/\/www.studiochiesa.it\/"},{"@type":"ListItem","position":2,"name":"L\u2019arte contemporanea: la risposta inclusiva ai musei"}]},{"@type":"WebSite","@id":"https:\/\/www.studiochiesa.it\/en\/#website","url":"https:\/\/www.studiochiesa.it\/en\/","name":"Studio Chiesa","description":"","publisher":{"@id":"https:\/\/www.studiochiesa.it\/en\/#organization"},"potentialAction":[{"@type":"SearchAction","target":{"@type":"EntryPoint","urlTemplate":"https:\/\/www.studiochiesa.it\/en\/?s={search_term_string}"},"query-input":{"@type":"PropertyValueSpecification","valueRequired":true,"valueName":"search_term_string"}}],"inLanguage":"en-GB"},{"@type":["Organization","Place"],"@id":"https:\/\/www.studiochiesa.it\/en\/#organization","name":"Studio Chiesa Communication","alternateName":"Studio Chiesa","url":"https:\/\/www.studiochiesa.it\/en\/","logo":{"@id":"https:\/\/www.studiochiesa.it\/arte-contemporanea-risposta-inclusiva-ai-musei\/#local-main-organization-logo"},"image":{"@id":"https:\/\/www.studiochiesa.it\/arte-contemporanea-risposta-inclusiva-ai-musei\/#local-main-organization-logo"},"sameAs":["https:\/\/www.facebook.com\/pages\/Studio-Chiesa\/407194632625821","https:\/\/www.linkedin.com\/company\/studio-chiesa\/","https:\/\/www.instagram.com\/studiochiesa\/","https:\/\/www.youtube.com\/user\/StudioChiesa"],"address":{"@id":"https:\/\/www.studiochiesa.it\/arte-contemporanea-risposta-inclusiva-ai-musei\/#local-main-place-address"},"geo":{"@type":"GeoCoordinates","latitude":"45.450479","longitude":"9.1723044"},"telephone":["+39 0254116738"],"openingHoursSpecification":[{"@type":"OpeningHoursSpecification","dayOfWeek":["Monday","Tuesday","Wednesday","Thursday","Friday","Saturday","Sunday"],"opens":"09:00","closes":"17:00"}],"vatID":"01687340206"},{"@type":"Person","@id":"https:\/\/www.studiochiesa.it\/en\/#\/schema\/person\/83905ac3fe6ec41d930023abdc2be976","name":"Elisabetta Pozzetti","image":{"@type":"ImageObject","inLanguage":"en-GB","@id":"https:\/\/secure.gravatar.com\/avatar\/0f7143f5fb5844f0f6ee361e350fd455431db83639374f157086917c24acbd3f?s=96&d=mm&r=g","url":"https:\/\/secure.gravatar.com\/avatar\/0f7143f5fb5844f0f6ee361e350fd455431db83639374f157086917c24acbd3f?s=96&d=mm&r=g","contentUrl":"https:\/\/secure.gravatar.com\/avatar\/0f7143f5fb5844f0f6ee361e350fd455431db83639374f157086917c24acbd3f?s=96&d=mm&r=g","caption":"Elisabetta Pozzetti"},"description":"Critica d\u2019arte e giornalista, dal 2000 progetta esposizioni museali, mostre d\u2019arte contemporanea e moderna, d'impronta spesso sperimentale, collaborando con enti pubblici e privati, in Italia e all\u2019estero. \u00c8 art curator di Studio Chiesa e consulente sui media tecnologici applicati alla museografia. Ha realizzato un centinaio di mostre e altrettante pubblicazioni. Dal 2019 lavora alla progettazione del nascente museo d\u2019impresa \u201cCasa Marcegaglia\u201d. \u00c8 amministratore pubblico nel Comune di Fabbrico, Reggio Emilia.","sameAs":["https:\/\/www.linkedin.com\/in\/elisabetta-pozzetti-30409229\/"],"url":"https:\/\/www.studiochiesa.it\/en\/author\/elisabetta\/"},{"@type":"PostalAddress","@id":"https:\/\/www.studiochiesa.it\/arte-contemporanea-risposta-inclusiva-ai-musei\/#local-main-place-address","streetAddress":"Piazza Arcole, 4","addressLocality":"Milano","postalCode":"20143","addressRegion":"Italia","addressCountry":"IT"},{"@type":"ImageObject","inLanguage":"en-GB","@id":"https:\/\/www.studiochiesa.it\/arte-contemporanea-risposta-inclusiva-ai-musei\/#local-main-organization-logo","url":"https:\/\/www.studiochiesa.it\/wp-content\/uploads\/2023\/05\/quadratino_SC.jpg","contentUrl":"https:\/\/www.studiochiesa.it\/wp-content\/uploads\/2023\/05\/quadratino_SC.jpg","width":696,"height":696,"caption":"Studio Chiesa Communication"}]},"geo.placename":"Milano","geo.position":{"lat":"45.450479","long":"9.1723044"},"geo.region":"Italy"},"_links":{"self":[{"href":"https:\/\/www.studiochiesa.it\/en\/wp-json\/wp\/v2\/posts\/36261","targetHints":{"allow":["GET"]}}],"collection":[{"href":"https:\/\/www.studiochiesa.it\/en\/wp-json\/wp\/v2\/posts"}],"about":[{"href":"https:\/\/www.studiochiesa.it\/en\/wp-json\/wp\/v2\/types\/post"}],"author":[{"embeddable":true,"href":"https:\/\/www.studiochiesa.it\/en\/wp-json\/wp\/v2\/users\/6"}],"replies":[{"embeddable":true,"href":"https:\/\/www.studiochiesa.it\/en\/wp-json\/wp\/v2\/comments?post=36261"}],"version-history":[{"count":2,"href":"https:\/\/www.studiochiesa.it\/en\/wp-json\/wp\/v2\/posts\/36261\/revisions"}],"predecessor-version":[{"id":36362,"href":"https:\/\/www.studiochiesa.it\/en\/wp-json\/wp\/v2\/posts\/36261\/revisions\/36362"}],"wp:featuredmedia":[{"embeddable":true,"href":"https:\/\/www.studiochiesa.it\/en\/wp-json\/wp\/v2\/media\/36267"}],"wp:attachment":[{"href":"https:\/\/www.studiochiesa.it\/en\/wp-json\/wp\/v2\/media?parent=36261"}],"wp:term":[{"taxonomy":"category","embeddable":true,"href":"https:\/\/www.studiochiesa.it\/en\/wp-json\/wp\/v2\/categories?post=36261"},{"taxonomy":"post_tag","embeddable":true,"href":"https:\/\/www.studiochiesa.it\/en\/wp-json\/wp\/v2\/tags?post=36261"}],"curies":[{"name":"wp","href":"https:\/\/api.w.org\/{rel}","templated":true}]}}