{"id":36271,"date":"2023-01-31T14:54:22","date_gmt":"2023-01-31T13:54:22","guid":{"rendered":"https:\/\/www.studiochiesa.it\/?p=36271"},"modified":"2023-03-01T09:47:45","modified_gmt":"2023-03-01T08:47:45","slug":"piccolo-lemmario-cultura-impresa-orgoglio","status":"publish","type":"post","link":"https:\/\/www.studiochiesa.it\/en\/piccolo-lemmario-cultura-impresa-orgoglio\/","title":{"rendered":"Piccolo Lemmario della Cultura d\u2019impresa: #ORGOGLIO"},"content":{"rendered":"<p>La notizia \u00e8 rimbalzata su tutti i quotidiani: in Italia nei 9 primi mesi del 2022 sono state registrate dal Ministero del Lavoro oltre 1,6 milioni di dimissioni volontarie, in netto aumento (+ 22%) rispetto allo stesso periodo del 2021. Un fenomeno trasversale, che interessa sia le donne che gli uomini, e che merita qualche riflessione. Una di queste verte su quello che potremmo definire l\u2019attaccamento emotivo al posto al lavoro, che \u00e8 venuto meno in questi ultimi durissimi anni segnati prima dal Covid e poi dall\u2019uscita dalla pandemia accompagnata per\u00f2 da licenziamenti e riorganizzazioni aziendali. \u00c8 possibile che il ritorno a un mercato del lavoro pi\u00f9 mobile spinga a cercare situazioni pi\u00f9 promettenti in termini di carriera e salario, cos\u00ec come l\u2019abitudine allo smart working e la possibilit\u00e0 di conciliare meglio in questa modalit\u00e0 vita privata e attivit\u00e0 lavorativa crei i presupposti per un rifiuto a un ritorno a situazioni meno flessibili, certo \u00e8 che sempre pi\u00f9 si fatica a trovare soddisfazione, motivazione e orgoglio nell\u2019appartenenza all\u2019azienda in cui si lavora. Ed \u00e8 questa evidenza che andrebbe analizzata, pi\u00f9 del fenomeno della <em>great resignation<\/em> (cos\u00ec \u00e8 stata battezzata negli Stati Uniti, visto che il fenomeno pare esteso su scale mondiale) che ne \u00e8 una conseguenza: d\u2019altronde, se un\u2019azienda vale l\u2019altra, perch\u00e9 non cambiare? Peccato che per un\u2019impresa l\u2019emorragia di profili lavorativi significhi perdita di know how, di saperi interni, che pu\u00f2 essere difficile rimpiazzare.<\/p>\n<p>Anche solo per motivi di interesse una buona cultura d\u2019impresa dovrebbe quindi favorire l\u2019orgoglio di appartenenza, un sentimento che pu\u00f2 sembrare antiquato, ma che andrebbe invece rivalutato come spinta propulsiva dell\u2019impresa stessa. Infatti la condivisione di valori, ideali, obiettivi sfocia nell\u2019engagement, nell\u2019impegno quotidiano che non viene pi\u00f9 vissuto in termini puramente doveristici. Proprio su questo punto le nostre imprese dovrebbero fare un esame di coscienza. Lo spirito di appartenenza nasce solo da un clima interno sereno dove tutti si sentono ascoltati e rispettati, dove c\u2019\u00e8 attenzione per la realizzazione dei singoli in relazione alle loro capacit\u00e0 e per la loro formazione, dove nessuno prova timore a prendere decisioni o a esprimere un parere. Gi\u00e0 nel 2002 Francesco Alberoni scriveva dalle pagine del <em>Corriere della Sera<\/em> che \u201cChiunque abbia responsabilit\u00e0 di comando deve prendersi cura di coloro che dipendono da lui, capirli, conoscerli, rendersi conto dei loro problemi, delle loro preoccupazioni, dei loro sogni, dei loro ideali, delle loro frustrazioni. Ma anche saperli guidare controcorrente, stimolarli, spingerli a diventare pi\u00f9 creativi, pi\u00f9 attivi, pi\u00f9 coraggiosi\u201d. Ci si domanda se la classe manageriale italiana non solo adotti questi comportamenti, ma creda fino in fondo alla loro efficacia. Eppure \u00e8 solo in questo modo che si creano motivazione e immedesimazione all\u2019interno dei team di lavoro.<\/p>\n<p>Per non parlare della giusta retribuzione, un miraggio soprattutto per i giovani come segnalato nel luglio 2022 dal rapporto \u201cNuove professioni e nuove marginalit\u00e0\u201d del Consiglio Nazionale dei Giovani in collaborazione con E.U.R.E.S.: quasi la met\u00e0 degli intervistati* (45,7%) ritiene di non essere retribuito adeguatamente in relazione al lavoro svolto, con un 36,3% che definisce la propria retribuzione \u201cpiuttosto inadeguata\u201d e un 9,4% per cui invece \u00e8 \u201cdel tutto inadeguata\u201d. Il quadro \u00e8 poi aggravato dalla maggior diffusione nei lavoratori <em>under 35<\/em> del tempo parziale che inevitabilmente si associa a salari inferiori e al fenomeno della <em>overeducation<\/em>, cio\u00e8 il disallineamento tra il livello raggiunto negli studi e il livello di competenze richieste, che umilia i tanti sacrifici fatti per arrivare a un diploma o a una laurea. Perch\u00e9 allora non essere pronti a saltare da un\u2019altra parte, non importa quale, purch\u00e9 assicuri una posizione pi\u00f9 dignitosa?<\/p>\n<p>Problemi analoghi si riscontrano nel mondo del lavoro al femminile: i dati ISTAT (al 2018) indicano una retribuzione oraria media di 15,2 euro per le donne contro i 16,2 degli uomini **, una differenza salariale che non ha alcuna altra spiegazione se non un gap gender sedimentato da decenni di sciagurata consuetudine. Altri numeri, gi\u00e0 noti, ma che vale la pena rispolverare di tanto in tanto: nel 2020 secondo i dati dell\u2019Ispettorato nazionale del Lavoro quasi 33.000 donne hanno abbandonato il posto di lavoro tra dimissioni e risoluzioni consensuali e per 3 donne su 4 la motivazione \u00e8 stata l\u2019impossibilit\u00e0 di gestire il carico famigliare e gli impegni lavorativi, segnale di un mondo del lavoro scarsamente o per nulla flessibile. Senza contare che ancora oggi le donne faticano a fare carriera a parit\u00e0, rispetto ai colleghi maschi, di curricula e di risultati effettivi, una disparit\u00e0 che alla lunga allontana, prima di tutto psicologicamente, dall\u2019azienda in cui si lavora.<\/p>\n<p>Si potrebbe continuare a lungo: c\u2019\u00e8 molto da fare da parte dell\u2019imprenditoria italiana per riportare i dipendenti a quell\u2019orgoglio di appartenenza che in passato la contraddistingueva. Non ti viene regalato, bisogna meritarselo, ma \u00e8 qualcosa il cui ritorno \u00e8 infinitamente superiore all\u2019investimento.<\/p>\n<p>* Indagine condotta a livello nazionale su un cluster <em>under 35<\/em> costituito da professionisti nel settore digitale, lavoratori qualificati nel settore terziario, lavoratori del settore delle vendite e lavoratori non qualificati del settore terziario.<\/p>\n<p>** lavoratori dipendenti retribuiti nell\u2019intero mese di ottobre 2018 nelle imprese e nelle istituzioni pubbliche con almeno 10 dipendenti<\/p>\n<p>&nbsp;<\/p>\n<p>Qui il link al rapporto completo <a href=\"https:\/\/consiglionazionalegiovani.it\/wp-content\/uploads\/2022\/12\/EURES-REPORT-COMPLETO-NUOVI-LAVORI-CNG_28_7-1.pdf\"><strong>Nuove professioni e nuove marginalit\u00e0<\/strong> di Consiglio Nazionale dei Giovani<\/a><\/p>","protected":false},"excerpt":{"rendered":"<p>La notizia \u00e8 rimbalzata su tutti i quotidiani: in Italia nei 9 primi mesi del 2022 sono state registrate dal Ministero del Lavoro oltre 1,6 milioni di dimissioni volontarie, in netto aumento (+ 22%) rispetto allo stesso periodo del 2021. Un fenomeno trasversale, che interessa sia le donne che gli uomini, e che merita qualche [&hellip;]<\/p>","protected":false},"author":14,"featured_media":36275,"comment_status":"closed","ping_status":"closed","sticky":false,"template":"","format":"standard","meta":{"footnotes":""},"categories":[126],"tags":[223],"class_list":["post-36271","post","type-post","status-publish","format-standard","has-post-thumbnail","hentry","category-cultura","tag-223"],"yoast_head":"<!-- This site is optimized with the Yoast SEO Premium plugin v26.3 (Yoast SEO v27.4) - https:\/\/yoast.com\/product\/yoast-seo-premium-wordpress\/ -->\n<title>PICCOLO LEMMARIO CULTURA D\u2019IMPRESA: #ORGOGLIO<\/title>\n<meta name=\"description\" content=\"In Italia nei 9 primi mesi del 2022 sono state registrate dal oltre 1,6 milioni di dimissioni volontarie, in netto aumento rispetto al 2021.\" \/>\n<meta name=\"robots\" content=\"index, follow, max-snippet:-1, max-image-preview:large, max-video-preview:-1\" \/>\n<link rel=\"canonical\" href=\"https:\/\/www.studiochiesa.it\/en\/piccolo-lemmario-cultura-impresa-orgoglio\/\" \/>\n<meta property=\"og:locale\" content=\"en_GB\" \/>\n<meta property=\"og:type\" content=\"article\" \/>\n<meta property=\"og:title\" content=\"Piccolo Lemmario della Cultura d\u2019impresa: #ORGOGLIO\" \/>\n<meta property=\"og:description\" content=\"In Italia nei 9 primi mesi del 2022 sono state registrate dal oltre 1,6 milioni di dimissioni volontarie, in netto aumento rispetto al 2021.\" \/>\n<meta property=\"og:url\" content=\"https:\/\/www.studiochiesa.it\/en\/piccolo-lemmario-cultura-impresa-orgoglio\/\" \/>\n<meta property=\"og:site_name\" content=\"Studio Chiesa\" \/>\n<meta property=\"article:publisher\" content=\"https:\/\/www.facebook.com\/pages\/Studio-Chiesa\/407194632625821\" \/>\n<meta property=\"article:published_time\" content=\"2023-01-31T13:54:22+00:00\" \/>\n<meta property=\"article:modified_time\" content=\"2023-03-01T08:47:45+00:00\" \/>\n<meta property=\"og:image\" content=\"https:\/\/www.studiochiesa.it\/wp-content\/uploads\/2023\/01\/2023_01_31-piccololemmariodellaculturaOrgoglio-2.jpg\" \/>\n\t<meta property=\"og:image:width\" content=\"1200\" \/>\n\t<meta property=\"og:image:height\" content=\"628\" \/>\n\t<meta property=\"og:image:type\" content=\"image\/jpeg\" \/>\n<meta name=\"author\" content=\"Anna Brasca\" \/>\n<meta name=\"twitter:card\" content=\"summary_large_image\" \/>\n<meta name=\"twitter:label1\" content=\"Written by\" \/>\n\t<meta name=\"twitter:data1\" content=\"Anna Brasca\" \/>\n\t<meta name=\"twitter:label2\" content=\"Estimated reading time\" \/>\n\t<meta name=\"twitter:data2\" content=\"4 minutes\" \/>\n<script type=\"application\/ld+json\" class=\"yoast-schema-graph\">{\"@context\":\"https:\\\/\\\/schema.org\",\"@graph\":[{\"@type\":\"Article\",\"@id\":\"https:\\\/\\\/www.studiochiesa.it\\\/piccolo-lemmario-cultura-impresa-orgoglio\\\/#article\",\"isPartOf\":{\"@id\":\"https:\\\/\\\/www.studiochiesa.it\\\/piccolo-lemmario-cultura-impresa-orgoglio\\\/\"},\"author\":{\"name\":\"Anna Brasca\",\"@id\":\"https:\\\/\\\/www.studiochiesa.it\\\/en\\\/#\\\/schema\\\/person\\\/b88881d1831fb372f1b92a66d564d5ca\"},\"headline\":\"Piccolo Lemmario della Cultura d\u2019impresa: #ORGOGLIO\",\"datePublished\":\"2023-01-31T13:54:22+00:00\",\"dateModified\":\"2023-03-01T08:47:45+00:00\",\"mainEntityOfPage\":{\"@id\":\"https:\\\/\\\/www.studiochiesa.it\\\/piccolo-lemmario-cultura-impresa-orgoglio\\\/\"},\"wordCount\":860,\"publisher\":{\"@id\":\"https:\\\/\\\/www.studiochiesa.it\\\/en\\\/#organization\"},\"image\":{\"@id\":\"https:\\\/\\\/www.studiochiesa.it\\\/piccolo-lemmario-cultura-impresa-orgoglio\\\/#primaryimage\"},\"thumbnailUrl\":\"https:\\\/\\\/www.studiochiesa.it\\\/wp-content\\\/uploads\\\/2023\\\/01\\\/2023_01_31-piccololemmariodellaculturaOrgoglio-2.jpg\",\"keywords\":[\"2023\"],\"articleSection\":[\"Cultura\"],\"inLanguage\":\"en-GB\",\"copyrightYear\":\"2023\",\"copyrightHolder\":{\"@id\":\"https:\\\/\\\/www.studiochiesa.it\\\/en\\\/#organization\"}},{\"@type\":\"WebPage\",\"@id\":\"https:\\\/\\\/www.studiochiesa.it\\\/piccolo-lemmario-cultura-impresa-orgoglio\\\/\",\"url\":\"https:\\\/\\\/www.studiochiesa.it\\\/piccolo-lemmario-cultura-impresa-orgoglio\\\/\",\"name\":\"PICCOLO LEMMARIO CULTURA D\u2019IMPRESA: #ORGOGLIO\",\"isPartOf\":{\"@id\":\"https:\\\/\\\/www.studiochiesa.it\\\/en\\\/#website\"},\"primaryImageOfPage\":{\"@id\":\"https:\\\/\\\/www.studiochiesa.it\\\/piccolo-lemmario-cultura-impresa-orgoglio\\\/#primaryimage\"},\"image\":{\"@id\":\"https:\\\/\\\/www.studiochiesa.it\\\/piccolo-lemmario-cultura-impresa-orgoglio\\\/#primaryimage\"},\"thumbnailUrl\":\"https:\\\/\\\/www.studiochiesa.it\\\/wp-content\\\/uploads\\\/2023\\\/01\\\/2023_01_31-piccololemmariodellaculturaOrgoglio-2.jpg\",\"datePublished\":\"2023-01-31T13:54:22+00:00\",\"dateModified\":\"2023-03-01T08:47:45+00:00\",\"description\":\"In Italia nei 9 primi mesi del 2022 sono state registrate dal oltre 1,6 milioni di dimissioni volontarie, in netto aumento rispetto al 2021.\",\"breadcrumb\":{\"@id\":\"https:\\\/\\\/www.studiochiesa.it\\\/piccolo-lemmario-cultura-impresa-orgoglio\\\/#breadcrumb\"},\"inLanguage\":\"en-GB\",\"potentialAction\":[{\"@type\":\"ReadAction\",\"target\":[\"https:\\\/\\\/www.studiochiesa.it\\\/piccolo-lemmario-cultura-impresa-orgoglio\\\/\"]}]},{\"@type\":\"ImageObject\",\"inLanguage\":\"en-GB\",\"@id\":\"https:\\\/\\\/www.studiochiesa.it\\\/piccolo-lemmario-cultura-impresa-orgoglio\\\/#primaryimage\",\"url\":\"https:\\\/\\\/www.studiochiesa.it\\\/wp-content\\\/uploads\\\/2023\\\/01\\\/2023_01_31-piccololemmariodellaculturaOrgoglio-2.jpg\",\"contentUrl\":\"https:\\\/\\\/www.studiochiesa.it\\\/wp-content\\\/uploads\\\/2023\\\/01\\\/2023_01_31-piccololemmariodellaculturaOrgoglio-2.jpg\",\"width\":1200,\"height\":628},{\"@type\":\"BreadcrumbList\",\"@id\":\"https:\\\/\\\/www.studiochiesa.it\\\/piccolo-lemmario-cultura-impresa-orgoglio\\\/#breadcrumb\",\"itemListElement\":[{\"@type\":\"ListItem\",\"position\":1,\"name\":\"Home\",\"item\":\"https:\\\/\\\/www.studiochiesa.it\\\/\"},{\"@type\":\"ListItem\",\"position\":2,\"name\":\"Piccolo Lemmario della Cultura d\u2019impresa: #ORGOGLIO\"}]},{\"@type\":\"WebSite\",\"@id\":\"https:\\\/\\\/www.studiochiesa.it\\\/en\\\/#website\",\"url\":\"https:\\\/\\\/www.studiochiesa.it\\\/en\\\/\",\"name\":\"Studio Chiesa\",\"description\":\"\",\"publisher\":{\"@id\":\"https:\\\/\\\/www.studiochiesa.it\\\/en\\\/#organization\"},\"potentialAction\":[{\"@type\":\"SearchAction\",\"target\":{\"@type\":\"EntryPoint\",\"urlTemplate\":\"https:\\\/\\\/www.studiochiesa.it\\\/en\\\/?s={search_term_string}\"},\"query-input\":{\"@type\":\"PropertyValueSpecification\",\"valueRequired\":true,\"valueName\":\"search_term_string\"}}],\"inLanguage\":\"en-GB\"},{\"@type\":[\"Organization\",\"Place\"],\"@id\":\"https:\\\/\\\/www.studiochiesa.it\\\/en\\\/#organization\",\"name\":\"Studio Chiesa Communication\",\"alternateName\":\"Studio Chiesa\",\"url\":\"https:\\\/\\\/www.studiochiesa.it\\\/en\\\/\",\"logo\":{\"@id\":\"https:\\\/\\\/www.studiochiesa.it\\\/piccolo-lemmario-cultura-impresa-orgoglio\\\/#local-main-organization-logo\"},\"image\":{\"@id\":\"https:\\\/\\\/www.studiochiesa.it\\\/piccolo-lemmario-cultura-impresa-orgoglio\\\/#local-main-organization-logo\"},\"sameAs\":[\"https:\\\/\\\/www.facebook.com\\\/pages\\\/Studio-Chiesa\\\/407194632625821\",\"https:\\\/\\\/www.linkedin.com\\\/company\\\/studio-chiesa\\\/\",\"https:\\\/\\\/www.instagram.com\\\/studiochiesa\\\/\",\"https:\\\/\\\/www.youtube.com\\\/user\\\/StudioChiesa\"],\"address\":{\"@id\":\"https:\\\/\\\/www.studiochiesa.it\\\/piccolo-lemmario-cultura-impresa-orgoglio\\\/#local-main-place-address\"},\"geo\":{\"@type\":\"GeoCoordinates\",\"latitude\":\"45.450479\",\"longitude\":\"9.1723044\"},\"telephone\":[\"+39 0254116738\"],\"openingHoursSpecification\":[{\"@type\":\"OpeningHoursSpecification\",\"dayOfWeek\":[\"Monday\",\"Tuesday\",\"Wednesday\",\"Thursday\",\"Friday\",\"Saturday\",\"Sunday\"],\"opens\":\"09:00\",\"closes\":\"17:00\"}],\"vatID\":\"01687340206\"},{\"@type\":\"Person\",\"@id\":\"https:\\\/\\\/www.studiochiesa.it\\\/en\\\/#\\\/schema\\\/person\\\/b88881d1831fb372f1b92a66d564d5ca\",\"name\":\"Anna Brasca\",\"image\":{\"@type\":\"ImageObject\",\"inLanguage\":\"en-GB\",\"@id\":\"https:\\\/\\\/secure.gravatar.com\\\/avatar\\\/0dd1f84ae4721a181705fd5431b9db97a45a6c736eb0e74ffc4e9912c97186a8?s=96&d=mm&r=g\",\"url\":\"https:\\\/\\\/secure.gravatar.com\\\/avatar\\\/0dd1f84ae4721a181705fd5431b9db97a45a6c736eb0e74ffc4e9912c97186a8?s=96&d=mm&r=g\",\"contentUrl\":\"https:\\\/\\\/secure.gravatar.com\\\/avatar\\\/0dd1f84ae4721a181705fd5431b9db97a45a6c736eb0e74ffc4e9912c97186a8?s=96&d=mm&r=g\",\"caption\":\"Anna Brasca\"},\"description\":\"Da sempre innamorata del mondo della carta stampata, sono stata per diversi anni direttrice editoriale di De Agostini Publishing Italia mentre oggi ho un\u2019agenzia editoriale che mi consente di restare in contatto con libri e pubblicazioni destinati sia agli adulti sia ai kids. Collaboro con Studio Chiesa Communication nell\u2019ambito della cultura d\u2019impresa, un tema che mi ha consentito di scoprire quanta inaspettata bellezza ci sia nell\u2019industria italiana.\",\"sameAs\":[\"https:\\\/\\\/www.linkedin.com\\\/in\\\/annabrasca\\\/\"],\"url\":\"https:\\\/\\\/www.studiochiesa.it\\\/en\\\/author\\\/anna-brasca\\\/\"},{\"@type\":\"PostalAddress\",\"@id\":\"https:\\\/\\\/www.studiochiesa.it\\\/piccolo-lemmario-cultura-impresa-orgoglio\\\/#local-main-place-address\",\"streetAddress\":\"Piazza Arcole, 4\",\"addressLocality\":\"Milano\",\"postalCode\":\"20143\",\"addressRegion\":\"Italia\",\"addressCountry\":\"IT\"},{\"@type\":\"ImageObject\",\"inLanguage\":\"en-GB\",\"@id\":\"https:\\\/\\\/www.studiochiesa.it\\\/piccolo-lemmario-cultura-impresa-orgoglio\\\/#local-main-organization-logo\",\"url\":\"https:\\\/\\\/www.studiochiesa.it\\\/wp-content\\\/uploads\\\/2023\\\/05\\\/quadratino_SC.jpg\",\"contentUrl\":\"https:\\\/\\\/www.studiochiesa.it\\\/wp-content\\\/uploads\\\/2023\\\/05\\\/quadratino_SC.jpg\",\"width\":696,\"height\":696,\"caption\":\"Studio Chiesa Communication\"}]}<\/script>\n<meta name=\"geo.placename\" content=\"Milano\" \/>\n<meta name=\"geo.position\" content=\"45.450479;9.1723044\" \/>\n<meta name=\"geo.region\" content=\"Italy\" \/>\n<!-- \/ Yoast SEO Premium plugin. -->","yoast_head_json":{"title":"PICCOLO LEMMARIO CULTURA D\u2019IMPRESA: #ORGOGLIO","description":"In Italia nei 9 primi mesi del 2022 sono state registrate dal oltre 1,6 milioni di dimissioni volontarie, in netto aumento rispetto al 2021.","robots":{"index":"index","follow":"follow","max-snippet":"max-snippet:-1","max-image-preview":"max-image-preview:large","max-video-preview":"max-video-preview:-1"},"canonical":"https:\/\/www.studiochiesa.it\/en\/piccolo-lemmario-cultura-impresa-orgoglio\/","og_locale":"en_GB","og_type":"article","og_title":"Piccolo Lemmario della Cultura d\u2019impresa: #ORGOGLIO","og_description":"In Italia nei 9 primi mesi del 2022 sono state registrate dal oltre 1,6 milioni di dimissioni volontarie, in netto aumento rispetto al 2021.","og_url":"https:\/\/www.studiochiesa.it\/en\/piccolo-lemmario-cultura-impresa-orgoglio\/","og_site_name":"Studio Chiesa","article_publisher":"https:\/\/www.facebook.com\/pages\/Studio-Chiesa\/407194632625821","article_published_time":"2023-01-31T13:54:22+00:00","article_modified_time":"2023-03-01T08:47:45+00:00","og_image":[{"width":1200,"height":628,"url":"https:\/\/www.studiochiesa.it\/wp-content\/uploads\/2023\/01\/2023_01_31-piccololemmariodellaculturaOrgoglio-2.jpg","type":"image\/jpeg"}],"author":"Anna Brasca","twitter_card":"summary_large_image","twitter_misc":{"Written by":"Anna Brasca","Estimated reading time":"4 minutes"},"schema":{"@context":"https:\/\/schema.org","@graph":[{"@type":"Article","@id":"https:\/\/www.studiochiesa.it\/piccolo-lemmario-cultura-impresa-orgoglio\/#article","isPartOf":{"@id":"https:\/\/www.studiochiesa.it\/piccolo-lemmario-cultura-impresa-orgoglio\/"},"author":{"name":"Anna Brasca","@id":"https:\/\/www.studiochiesa.it\/en\/#\/schema\/person\/b88881d1831fb372f1b92a66d564d5ca"},"headline":"Piccolo Lemmario della Cultura d\u2019impresa: #ORGOGLIO","datePublished":"2023-01-31T13:54:22+00:00","dateModified":"2023-03-01T08:47:45+00:00","mainEntityOfPage":{"@id":"https:\/\/www.studiochiesa.it\/piccolo-lemmario-cultura-impresa-orgoglio\/"},"wordCount":860,"publisher":{"@id":"https:\/\/www.studiochiesa.it\/en\/#organization"},"image":{"@id":"https:\/\/www.studiochiesa.it\/piccolo-lemmario-cultura-impresa-orgoglio\/#primaryimage"},"thumbnailUrl":"https:\/\/www.studiochiesa.it\/wp-content\/uploads\/2023\/01\/2023_01_31-piccololemmariodellaculturaOrgoglio-2.jpg","keywords":["2023"],"articleSection":["Cultura"],"inLanguage":"en-GB","copyrightYear":"2023","copyrightHolder":{"@id":"https:\/\/www.studiochiesa.it\/en\/#organization"}},{"@type":"WebPage","@id":"https:\/\/www.studiochiesa.it\/piccolo-lemmario-cultura-impresa-orgoglio\/","url":"https:\/\/www.studiochiesa.it\/piccolo-lemmario-cultura-impresa-orgoglio\/","name":"PICCOLO LEMMARIO CULTURA D\u2019IMPRESA: #ORGOGLIO","isPartOf":{"@id":"https:\/\/www.studiochiesa.it\/en\/#website"},"primaryImageOfPage":{"@id":"https:\/\/www.studiochiesa.it\/piccolo-lemmario-cultura-impresa-orgoglio\/#primaryimage"},"image":{"@id":"https:\/\/www.studiochiesa.it\/piccolo-lemmario-cultura-impresa-orgoglio\/#primaryimage"},"thumbnailUrl":"https:\/\/www.studiochiesa.it\/wp-content\/uploads\/2023\/01\/2023_01_31-piccololemmariodellaculturaOrgoglio-2.jpg","datePublished":"2023-01-31T13:54:22+00:00","dateModified":"2023-03-01T08:47:45+00:00","description":"In Italia nei 9 primi mesi del 2022 sono state registrate dal oltre 1,6 milioni di dimissioni volontarie, in netto aumento rispetto al 2021.","breadcrumb":{"@id":"https:\/\/www.studiochiesa.it\/piccolo-lemmario-cultura-impresa-orgoglio\/#breadcrumb"},"inLanguage":"en-GB","potentialAction":[{"@type":"ReadAction","target":["https:\/\/www.studiochiesa.it\/piccolo-lemmario-cultura-impresa-orgoglio\/"]}]},{"@type":"ImageObject","inLanguage":"en-GB","@id":"https:\/\/www.studiochiesa.it\/piccolo-lemmario-cultura-impresa-orgoglio\/#primaryimage","url":"https:\/\/www.studiochiesa.it\/wp-content\/uploads\/2023\/01\/2023_01_31-piccololemmariodellaculturaOrgoglio-2.jpg","contentUrl":"https:\/\/www.studiochiesa.it\/wp-content\/uploads\/2023\/01\/2023_01_31-piccololemmariodellaculturaOrgoglio-2.jpg","width":1200,"height":628},{"@type":"BreadcrumbList","@id":"https:\/\/www.studiochiesa.it\/piccolo-lemmario-cultura-impresa-orgoglio\/#breadcrumb","itemListElement":[{"@type":"ListItem","position":1,"name":"Home","item":"https:\/\/www.studiochiesa.it\/"},{"@type":"ListItem","position":2,"name":"Piccolo Lemmario della Cultura d\u2019impresa: #ORGOGLIO"}]},{"@type":"WebSite","@id":"https:\/\/www.studiochiesa.it\/en\/#website","url":"https:\/\/www.studiochiesa.it\/en\/","name":"Studio Chiesa","description":"","publisher":{"@id":"https:\/\/www.studiochiesa.it\/en\/#organization"},"potentialAction":[{"@type":"SearchAction","target":{"@type":"EntryPoint","urlTemplate":"https:\/\/www.studiochiesa.it\/en\/?s={search_term_string}"},"query-input":{"@type":"PropertyValueSpecification","valueRequired":true,"valueName":"search_term_string"}}],"inLanguage":"en-GB"},{"@type":["Organization","Place"],"@id":"https:\/\/www.studiochiesa.it\/en\/#organization","name":"Studio Chiesa Communication","alternateName":"Studio Chiesa","url":"https:\/\/www.studiochiesa.it\/en\/","logo":{"@id":"https:\/\/www.studiochiesa.it\/piccolo-lemmario-cultura-impresa-orgoglio\/#local-main-organization-logo"},"image":{"@id":"https:\/\/www.studiochiesa.it\/piccolo-lemmario-cultura-impresa-orgoglio\/#local-main-organization-logo"},"sameAs":["https:\/\/www.facebook.com\/pages\/Studio-Chiesa\/407194632625821","https:\/\/www.linkedin.com\/company\/studio-chiesa\/","https:\/\/www.instagram.com\/studiochiesa\/","https:\/\/www.youtube.com\/user\/StudioChiesa"],"address":{"@id":"https:\/\/www.studiochiesa.it\/piccolo-lemmario-cultura-impresa-orgoglio\/#local-main-place-address"},"geo":{"@type":"GeoCoordinates","latitude":"45.450479","longitude":"9.1723044"},"telephone":["+39 0254116738"],"openingHoursSpecification":[{"@type":"OpeningHoursSpecification","dayOfWeek":["Monday","Tuesday","Wednesday","Thursday","Friday","Saturday","Sunday"],"opens":"09:00","closes":"17:00"}],"vatID":"01687340206"},{"@type":"Person","@id":"https:\/\/www.studiochiesa.it\/en\/#\/schema\/person\/b88881d1831fb372f1b92a66d564d5ca","name":"Anna Brasca","image":{"@type":"ImageObject","inLanguage":"en-GB","@id":"https:\/\/secure.gravatar.com\/avatar\/0dd1f84ae4721a181705fd5431b9db97a45a6c736eb0e74ffc4e9912c97186a8?s=96&d=mm&r=g","url":"https:\/\/secure.gravatar.com\/avatar\/0dd1f84ae4721a181705fd5431b9db97a45a6c736eb0e74ffc4e9912c97186a8?s=96&d=mm&r=g","contentUrl":"https:\/\/secure.gravatar.com\/avatar\/0dd1f84ae4721a181705fd5431b9db97a45a6c736eb0e74ffc4e9912c97186a8?s=96&d=mm&r=g","caption":"Anna Brasca"},"description":"Da sempre innamorata del mondo della carta stampata, sono stata per diversi anni direttrice editoriale di De Agostini Publishing Italia mentre oggi ho un\u2019agenzia editoriale che mi consente di restare in contatto con libri e pubblicazioni destinati sia agli adulti sia ai kids. Collaboro con Studio Chiesa Communication nell\u2019ambito della cultura d\u2019impresa, un tema che mi ha consentito di scoprire quanta inaspettata bellezza ci sia nell\u2019industria italiana.","sameAs":["https:\/\/www.linkedin.com\/in\/annabrasca\/"],"url":"https:\/\/www.studiochiesa.it\/en\/author\/anna-brasca\/"},{"@type":"PostalAddress","@id":"https:\/\/www.studiochiesa.it\/piccolo-lemmario-cultura-impresa-orgoglio\/#local-main-place-address","streetAddress":"Piazza Arcole, 4","addressLocality":"Milano","postalCode":"20143","addressRegion":"Italia","addressCountry":"IT"},{"@type":"ImageObject","inLanguage":"en-GB","@id":"https:\/\/www.studiochiesa.it\/piccolo-lemmario-cultura-impresa-orgoglio\/#local-main-organization-logo","url":"https:\/\/www.studiochiesa.it\/wp-content\/uploads\/2023\/05\/quadratino_SC.jpg","contentUrl":"https:\/\/www.studiochiesa.it\/wp-content\/uploads\/2023\/05\/quadratino_SC.jpg","width":696,"height":696,"caption":"Studio Chiesa Communication"}]},"geo.placename":"Milano","geo.position":{"lat":"45.450479","long":"9.1723044"},"geo.region":"Italy"},"_links":{"self":[{"href":"https:\/\/www.studiochiesa.it\/en\/wp-json\/wp\/v2\/posts\/36271","targetHints":{"allow":["GET"]}}],"collection":[{"href":"https:\/\/www.studiochiesa.it\/en\/wp-json\/wp\/v2\/posts"}],"about":[{"href":"https:\/\/www.studiochiesa.it\/en\/wp-json\/wp\/v2\/types\/post"}],"author":[{"embeddable":true,"href":"https:\/\/www.studiochiesa.it\/en\/wp-json\/wp\/v2\/users\/14"}],"replies":[{"embeddable":true,"href":"https:\/\/www.studiochiesa.it\/en\/wp-json\/wp\/v2\/comments?post=36271"}],"version-history":[{"count":3,"href":"https:\/\/www.studiochiesa.it\/en\/wp-json\/wp\/v2\/posts\/36271\/revisions"}],"predecessor-version":[{"id":36356,"href":"https:\/\/www.studiochiesa.it\/en\/wp-json\/wp\/v2\/posts\/36271\/revisions\/36356"}],"wp:featuredmedia":[{"embeddable":true,"href":"https:\/\/www.studiochiesa.it\/en\/wp-json\/wp\/v2\/media\/36275"}],"wp:attachment":[{"href":"https:\/\/www.studiochiesa.it\/en\/wp-json\/wp\/v2\/media?parent=36271"}],"wp:term":[{"taxonomy":"category","embeddable":true,"href":"https:\/\/www.studiochiesa.it\/en\/wp-json\/wp\/v2\/categories?post=36271"},{"taxonomy":"post_tag","embeddable":true,"href":"https:\/\/www.studiochiesa.it\/en\/wp-json\/wp\/v2\/tags?post=36271"}],"curies":[{"name":"wp","href":"https:\/\/api.w.org\/{rel}","templated":true}]}}