{"id":44814,"date":"2025-05-29T15:30:28","date_gmt":"2025-05-29T13:30:28","guid":{"rendered":"https:\/\/www.studiochiesa.it\/?p=44814"},"modified":"2025-05-29T16:09:14","modified_gmt":"2025-05-29T14:09:14","slug":"dal-b2b-al-b2p","status":"publish","type":"post","link":"https:\/\/www.studiochiesa.it\/en\/dal-b2b-al-b2p\/","title":{"rendered":"DAL B2B AL B2P"},"content":{"rendered":"<div data-elementor-type=\"wp-post\" data-elementor-id=\"44814\" class=\"elementor elementor-44814\" data-elementor-post-type=\"post\">\n\t\t\t\t<div class=\"elementor-element elementor-element-4aa3782 e-flex e-con-boxed e-con e-parent\" data-id=\"4aa3782\" data-element_type=\"container\" data-settings=\"{&quot;jet_parallax_layout_list&quot;:[]}\">\n\t\t\t\t\t<div class=\"e-con-inner\">\n\t\t\t\t<div class=\"elementor-element elementor-element-bbf2dc7 elementor-widget elementor-widget-text-editor\" data-id=\"bbf2dc7\" data-element_type=\"widget\" data-widget_type=\"text-editor.default\">\n\t\t\t\t<div class=\"elementor-widget-container\">\n\t\t\t\t\t\t\t\t\t<p><strong>Business di famiglia: Workout magazine incontra Junio Riccardo Celada, Direttore Generale di CELADA Fasteners<\/strong><\/p>\n<p>No, non \u00e8 refuso. Ricominciamo dall\u2019inizio, dall\u2019abbicc\u00ec del marketing: un business \u00e8 B2B o B2C a seconda del tipo di clientela a cui \u00e8 orientato. Punto.<\/p>\n<p>O no? In effetti un\u2019altra categoria si \u00e8 affacciata da qualche tempo nel mondo delle imprese: <strong>il B2P, cio\u00e8 il Business to People. In questo modello \u00e8 la singola persona a essere al centro di ogni relazione perch\u00e9 si parte dall\u2019assunto che anche se ci si rivolge alle aziende, queste sono costituite da individui, ciascuno con la propria soggettivit\u00e0, con la propria personalit\u00e0, soggetti di cui bisogna comprendere bisogni e preferenze se si vuole instaurare un rapporto commerciale proficuo.<\/strong> In buona sostanza, si restituisce centralit\u00e0 all\u2019interlocutore che in questo modo, anche se lavora in un ambito aziendale, non si limita a fare da \u00abpassacarte\u00bb, ma diventa un vero e proprio partner. \u00c8 una strategia che implica una serie di buone pratiche, molte delle quali sono quelle comunemente applicate nel mondo dell\u2019<em>e-commerce <\/em>nel quale il cliente viene avvolto \u2013 \u00e8 proprio il caso di dirlo \u2013 in una bolla informativa, viene costantemente accudito in ogni fase del pre- e del post-acquisto oltre che, come \u00e8 ovvio, nel momento stesso in cui l\u2019acquisto avviene.<\/p>\n<p>\u00abPrima ancora di riceverne conferma da pi\u00f9 parti, per il mio business io mi ero immaginato proprio un approccio di questo tipo \u2013 racconta Junio Celada, Direttore Generale di CELADA Fasteners \u2013 da frequentatore e utilizzatore delle piattaforme di <em>e-commerce<\/em> mi chiedevo perch\u00e9 non prendere spunto da loro per migliorare la nostra <em>customer experience<\/em>\u00bb.<\/p>\n<p><strong>Per chi non lo conoscesse, il mondo di cui stiamo parlando, quello dei fasteners, riguarda i componenti per l\u2019assemblaggio nel mondo dell\u2019industria con una focalizzazione sul metallo e la plastica, in altre parole sono elementi di fissaggio presenti in qualsiasi macchinario<\/strong>. <br>\u00c8 uno strano mondo il loro perch\u00e9, nonostante siano ovunque, non solo non sono molto considerati nei programmi di studio degli Istituti Tecnici e delle facolt\u00e0 universitarie, ma nemmeno cos\u00ec conosciuti \u2013 come dovrebbe essere \u2013 dagli stessi progettisti: \u00abLe racconto un aneddoto. Anni fa sono stato chiamato da un docente del corso di Disegno Industriale del Politecnico di Milano: i ragazzi erano impegnati nel progetto di un nuovo tipo di scanner a raggi X. Avevano elaborato tutti i pezzi, arrivati per\u00f2 al momento del loro assemblaggio si erano arenati perch\u00e9 non \u00e8 materia di studio e quindi mi si chiedeva di tenere una lezione sulle possibilit\u00e0 dei fasteners. Cosa che ho fatto di buon grado. <strong>Diciamo che il sistema di fissaggio, anche nelle facolt\u00e0 di ingegneria e nelle scuole di meccanica, \u00e8 un grande assente oppure, se viene affrontato, lo si fa in modo superficiale.<\/strong> Il risultato \u00e8 che talvolta i progettisti se lo disegnano loro, magari in modo fantasioso, anzich\u00e9 utilizzarne uno standard che sarebbe, tra l\u2019altro, pi\u00f9 economico oltre che gi\u00e0 disponibile\u00bb.<\/p>\t\t\t\t\t\t\t\t<\/div>\n\t\t\t\t<\/div>\n\t\t\t\t<div class=\"elementor-element elementor-element-c9d23d8 elementor-widget elementor-widget-image\" data-id=\"c9d23d8\" data-element_type=\"widget\" data-widget_type=\"image.default\">\n\t\t\t\t<div class=\"elementor-widget-container\">\n\t\t\t\t\t\t\t\t\t\t\t\t<figure class=\"wp-caption\">\n\t\t\t\t\t\t\t\t\t\t\t<a href=\"https:\/\/www.studiochiesa.it\/wp-content\/uploads\/2025\/05\/Fasteners.jpg\" data-elementor-open-lightbox=\"yes\" data-e-action-hash=\"#elementor-action%3Aaction%3Dlightbox%26settings%3DeyJpZCI6NDQ4MzUsInVybCI6Imh0dHBzOlwvXC93d3cuc3R1ZGlvY2hpZXNhLml0XC93cC1jb250ZW50XC91cGxvYWRzXC8yMDI1XC8wNVwvRmFzdGVuZXJzLmpwZyJ9\">\n\t\t\t\t\t\t\t<img fetchpriority=\"high\" decoding=\"async\" width=\"800\" height=\"450\" src=\"https:\/\/www.studiochiesa.it\/wp-content\/uploads\/2025\/05\/Fasteners.jpg\" class=\"attachment-large size-large wp-image-44835\" alt=\"\" srcset=\"https:\/\/www.studiochiesa.it\/wp-content\/uploads\/2025\/05\/Fasteners.jpg 1920w, https:\/\/www.studiochiesa.it\/wp-content\/uploads\/2025\/05\/Fasteners-500x281.jpg 500w, https:\/\/www.studiochiesa.it\/wp-content\/uploads\/2025\/05\/Fasteners-768x432.jpg 768w, https:\/\/www.studiochiesa.it\/wp-content\/uploads\/2025\/05\/Fasteners-1536x864.jpg 1536w, https:\/\/www.studiochiesa.it\/wp-content\/uploads\/2025\/05\/Fasteners-18x10.jpg 18w\" sizes=\"(max-width: 800px) 100vw, 800px\" \/>\t\t\t\t\t\t\t\t<\/a>\n\t\t\t\t\t\t\t\t\t\t\t<figcaption class=\"widget-image-caption wp-caption-text\"><\/figcaption>\n\t\t\t\t\t\t\t\t\t\t<\/figure>\n\t\t\t\t\t\t\t\t\t<\/div>\n\t\t\t\t<\/div>\n\t\t\t\t<div class=\"elementor-element elementor-element-671e42f elementor-widget elementor-widget-text-editor\" data-id=\"671e42f\" data-element_type=\"widget\" data-widget_type=\"text-editor.default\">\n\t\t\t\t<div class=\"elementor-widget-container\">\n\t\t\t\t\t\t\t\t\t<p>Ma abbiamo divagato, \u00e8 tempo di tornare al B2P: \u00abCapisco di dire qualcosa che magari in altri ambiti imprenditoriali non suona cos\u00ec originale, ma nel nostro mondo, quello industriale, \u00e8 piuttosto nuovo: si tratta essenzialmente di far s\u00ec che ogni acquisto si incanali in un processo digitale ottimizzato. Mi spiego meglio: in genere, o almeno \u00e8 cos\u00ec in tante realt\u00e0, l\u2019offerta arriva al cliente via e-mail, c\u2019\u00e8 un pdf che deve scaricare, firmare e rimandare, sempre con una e-mail. A questo punto il cliente aspetta che arrivi una conferma da parte del fornitore, il che implica che questi a sua volta abbia scaricato l\u2019allegato del cliente, lo abbia stampato, archiviato e poi abbia inviato un\u2019altra e-mail al cliente\u2026 insomma un iter farraginoso che a me faceva e fa venire l\u2019orticaria. Per cui mi sono chiesto come poter sveltire questa trafila consentendo contemporaneamente al cliente di poter accedere a tutte le informazioni di cui pu\u00f2 aver bisogno senza doverci interpellare di continuo\u00bb. La soluzione? \u00ab<strong>Creare per ogni cliente un\u2019area personale sul nostro portale a cui si accede attraverso un link: l\u00ec il cliente pu\u00f2 visualizzare la nostra offerta che pu\u00f2 accettare o rifiutare con semplice click. Ma non solo, nella sua pagina potr\u00e0 trovare traccia dell\u2019avanzamento dell\u2019ordine, visualizzare tutti i documenti che lo riguardano, dai disegni del prodotto alle fatture, pu\u00f2 attivare le notifiche via SMS o Whatsapp sulle consegne<\/strong>. Lato nostro, quel click \u00e8 un ordine che va direttamente a magazzino per la preparazione del prodotto tagliando tutte le fasi, diciamo \u201cburocratiche\u201d, intermedie con un notevole risparmio di tempo. Il risultato: oggi con poco sforzo riusciamo a gestire un numero molto elevato di preventivi ogni anno. \u00c8 una classica situazione <em>win-win<\/em>: vantaggiosa per il cliente e anche per noi. Consideri che chi ha adottato questa modalit\u00e0 ha visto aumentare sensibilmente la percentuale di conversione in ordini e per un\u2019impresa come la nostra, che lavora su volumi importanti, un incremento a doppia cifra ha un impatto davvero significativo.<\/p>\t\t\t\t\t\t\t\t<\/div>\n\t\t\t\t<\/div>\n\t\t\t\t<div class=\"elementor-element elementor-element-2c5b720 elementor-widget elementor-widget-image\" data-id=\"2c5b720\" data-element_type=\"widget\" data-widget_type=\"image.default\">\n\t\t\t\t<div class=\"elementor-widget-container\">\n\t\t\t\t\t\t\t\t\t\t\t\t<figure class=\"wp-caption\">\n\t\t\t\t\t\t\t\t\t\t\t<a href=\"https:\/\/www.studiochiesa.it\/wp-content\/uploads\/2025\/05\/Area-Clienti.jpg\" data-elementor-open-lightbox=\"yes\" data-e-action-hash=\"#elementor-action%3Aaction%3Dlightbox%26settings%3DeyJpZCI6NDQ4MzYsInVybCI6Imh0dHBzOlwvXC93d3cuc3R1ZGlvY2hpZXNhLml0XC93cC1jb250ZW50XC91cGxvYWRzXC8yMDI1XC8wNVwvQXJlYS1DbGllbnRpLmpwZyJ9\">\n\t\t\t\t\t\t\t<img decoding=\"async\" width=\"800\" height=\"800\" src=\"https:\/\/www.studiochiesa.it\/wp-content\/uploads\/2025\/05\/Area-Clienti.jpg\" class=\"attachment-large size-large wp-image-44836\" alt=\"\" srcset=\"https:\/\/www.studiochiesa.it\/wp-content\/uploads\/2025\/05\/Area-Clienti.jpg 1920w, https:\/\/www.studiochiesa.it\/wp-content\/uploads\/2025\/05\/Area-Clienti-500x500.jpg 500w, https:\/\/www.studiochiesa.it\/wp-content\/uploads\/2025\/05\/Area-Clienti-150x150.jpg 150w, https:\/\/www.studiochiesa.it\/wp-content\/uploads\/2025\/05\/Area-Clienti-768x768.jpg 768w, https:\/\/www.studiochiesa.it\/wp-content\/uploads\/2025\/05\/Area-Clienti-1536x1536.jpg 1536w, https:\/\/www.studiochiesa.it\/wp-content\/uploads\/2025\/05\/Area-Clienti-12x12.jpg 12w\" sizes=\"(max-width: 800px) 100vw, 800px\" \/>\t\t\t\t\t\t\t\t<\/a>\n\t\t\t\t\t\t\t\t\t\t\t<figcaption class=\"widget-image-caption wp-caption-text\"><\/figcaption>\n\t\t\t\t\t\t\t\t\t\t<\/figure>\n\t\t\t\t\t\t\t\t\t<\/div>\n\t\t\t\t<\/div>\n\t\t\t\t<div class=\"elementor-element elementor-element-cfd101a elementor-widget elementor-widget-text-editor\" data-id=\"cfd101a\" data-element_type=\"widget\" data-widget_type=\"text-editor.default\">\n\t\t\t\t<div class=\"elementor-widget-container\">\n\t\t\t\t\t\t\t\t\t<p><strong>Un altro aspetto interessante di questo approccio \u00e8 la possibilit\u00e0 di far sentire al cliente una presenza al suo fianco costante anche se soft<\/strong>: \u00abIl sistema monitora l\u2019uso che un cliente fa della sua area personale e cos\u00ec noi siamo in grado di perfezionare la relazione che abbiamo con lui. Si tratta di un\u2019interazione tra automatismo e intervento reale ma il cliente la percepisce come un garbato supporto e lo apprezza. Ed \u00e8 tutto migliorabile perch\u00e9 al mio interlocutore, che ripeto, \u00e8 una persona anche se fa parte di un\u2019azienda, posso offrire costantemente nuove e utili informazioni per implementare la relazione con lui. In buona sostanza il nostro obiettivo \u00e8 quello di essere sempre in contatto in qualche modo con tutti i nostri referenti, che non sono le 3.000 aziende nostre clienti, ma sono molti di pi\u00f9: basta una newsletter, una mail, un feedback di un certo tipo, insomma un input qualsiasi che faccia loro ricordare che \u201cci siamo\u201d\u00bb.<\/p><p>Ci si potrebbe chiedere se tutti gli interlocutori siano in grado di apprezzare questo modello di interazione, ma Celada non ha dubbi in proposito: \u00abIl mio cliente \u00e8 in media una generazione indietro rispetto a me, \u00e8 davvero molto giovane, magari \u00e8 appena uscito dalla facolt\u00e0 di Ingegneria o \u00e8 da poco entrato nel mondo del lavoro, ed \u00e8 perci\u00f2 abituato al mondo digitalizzato\u00bb.<\/p><p><span style=\"letter-spacing: 0.03em;\">Mondo che non intimorisce nemmeno Celada, che, anzi, ne \u00e8 fortemente attratto: \u00abHo da sempre l\u2019ossessione, \u00e8 proprio il caso di dirlo, di quello che sar\u00e0, del futuro. Considerata anche la mia et\u00e0, ho vissuto pienamente e in modo consapevole la transizione al digitale, non \u00e8 che a un certo punto della mia vita mi sono svegliato e ho cominciato a chiedermi cosa fossero quelle macchine che chiamavano computer. Il mio primo PC, che ancora non montava Windows come sistema operativo, l\u2019ho ricevuto in regalo quando ero un adolescente: erano gli anni Ottanta e gi\u00e0 cercavo di programmare un gioco con una pallina che rimbalzasse per lo schermo. Qualche anno dopo mi dedicavo a montare io stesso il mio computer acquistandone i singoli pezzi e ancora successivamente ho assistito all\u2019arrivo di Internet e poi all\u2019avvento dei social. <\/span><strong style=\"letter-spacing: 0.03em;\">Diciamo che mi piace stare nel flusso delle cose anche perch\u00e9 da responsabile di un\u2019azienda non posso non essere a conoscenza di taluni fenomeni, anzi devo cercare di capire se potrebbero essere utili anche nel mio lavoro<\/strong><span style=\"letter-spacing: 0.03em;\">. Prenda per esempio Tik Tok: all\u2019inizio non mi sembrava di avere molte affinit\u00e0 con questo social perch\u00e9 \u00e8 indirizzato a una generazione diversa dalla mia e quindi ci ho messo un po\u2019 di tempo per avvicinarmici. Ma volevo capirlo, mi sono applicato con caparbiet\u00e0 e adesso lo uso, anche se nella sfera personale, ma sempre valutando se e quando possa essere uno strumento di comunicazione adatto alla nostra Societ\u00e0\u00bb. <\/span><strong style=\"letter-spacing: 0.03em;\">Societ\u00e0 che \u00e8 presente non solo su LinkedIn, ma anche su Facebook, Instagram e YouTube.<\/strong><\/p><p><strong>A suo parere ogni strumento, ogni tecnologia che entra a far parte del nostro mondo va conosciuto e il suo utilizzo approfondito perch\u00e9 non ci si pu\u00f2 lasciar cogliere impreparati sul fronte dell\u2019innovazione<\/strong>: \u00abUna sera al momento di andare a dormire mi sono reso improvvisamente conto che non mi stavo interessando alla stampa 3D e mi ha colpito un pensiero molesto: non \u00e8 che con questa tecnica adesso si riescono a produrre anche i fasteners e io non lo so e quindi sto perdendo un treno, o peggio, sto per essere travolto da quel treno? Lo confesso: non sono riuscito a dormirci sopra e il mattino seguente sono subito andato a cercare informazioni in proposito per scoprire che qualcosa con la manifattura addittiva effettivamente lo si fa nel nostro campo, ma non si producono ancora i fasteners. Il treno non \u00e8 perso e oggi offriamo una gamma di inserti specifici per le applicazioni 3D\u00bb.<\/p>\t\t\t\t\t\t\t\t<\/div>\n\t\t\t\t<\/div>\n\t\t\t\t<div class=\"elementor-element elementor-element-7eb90ca elementor-widget elementor-widget-image\" data-id=\"7eb90ca\" data-element_type=\"widget\" data-widget_type=\"image.default\">\n\t\t\t\t<div class=\"elementor-widget-container\">\n\t\t\t\t\t\t\t\t\t\t\t\t<figure class=\"wp-caption\">\n\t\t\t\t\t\t\t\t\t\t\t<a href=\"https:\/\/www.studiochiesa.it\/wp-content\/uploads\/2025\/05\/2018-07-12GruppoPlastica.jpg\" data-elementor-open-lightbox=\"yes\" data-e-action-hash=\"#elementor-action%3Aaction%3Dlightbox%26settings%3DeyJpZCI6NDQ4MzMsInVybCI6Imh0dHBzOlwvXC93d3cuc3R1ZGlvY2hpZXNhLml0XC93cC1jb250ZW50XC91cGxvYWRzXC8yMDI1XC8wNVwvMjAxOC0wNy0xMkdydXBwb1BsYXN0aWNhLmpwZyJ9\">\n\t\t\t\t\t\t\t<img decoding=\"async\" width=\"800\" height=\"1200\" src=\"https:\/\/www.studiochiesa.it\/wp-content\/uploads\/2025\/05\/2018-07-12GruppoPlastica.jpg\" class=\"attachment-large size-large wp-image-44833\" alt=\"\" srcset=\"https:\/\/www.studiochiesa.it\/wp-content\/uploads\/2025\/05\/2018-07-12GruppoPlastica.jpg 1280w, https:\/\/www.studiochiesa.it\/wp-content\/uploads\/2025\/05\/2018-07-12GruppoPlastica-333x500.jpg 333w, https:\/\/www.studiochiesa.it\/wp-content\/uploads\/2025\/05\/2018-07-12GruppoPlastica-768x1152.jpg 768w, https:\/\/www.studiochiesa.it\/wp-content\/uploads\/2025\/05\/2018-07-12GruppoPlastica-1024x1536.jpg 1024w, https:\/\/www.studiochiesa.it\/wp-content\/uploads\/2025\/05\/2018-07-12GruppoPlastica-8x12.jpg 8w\" sizes=\"(max-width: 800px) 100vw, 800px\" \/>\t\t\t\t\t\t\t\t<\/a>\n\t\t\t\t\t\t\t\t\t\t\t<figcaption class=\"widget-image-caption wp-caption-text\"><\/figcaption>\n\t\t\t\t\t\t\t\t\t\t<\/figure>\n\t\t\t\t\t\t\t\t\t<\/div>\n\t\t\t\t<\/div>\n\t\t\t\t<div class=\"elementor-element elementor-element-0706794 elementor-widget elementor-widget-text-editor\" data-id=\"0706794\" data-element_type=\"widget\" data-widget_type=\"text-editor.default\">\n\t\t\t\t<div class=\"elementor-widget-container\">\n\t\t\t\t\t\t\t\t\t<p>Questo guardare sempre avanti unito a un\u2019attenzione spasmodica per ogni fenomeno che compare all\u2019orizzonte non \u00e8 solo il segno di un\u2019attitudine mentale \u2013 che pure c\u2019\u00e8 \u2013, ma \u00e8, secondo Celada, l\u2019R&amp;D della sua azienda: \u00abFare ricerca e sviluppo \u00e8 vitale per ogni impresa. Se fossimo dei produttori investiremmo in nuovi materiali, nuovi processi. Ma noi commercializziamo e tra l\u2019altro il nostro \u00e8 un prodotto che ha possibilit\u00e0 di innovazione molto limitate e quindi? <strong>Quale pu\u00f2 essere l\u2019R&amp;D di un\u2019azienda commerciale? La nostra risposta sta nei servizi che offriamo. \u00c8 cos\u00ec che \u00e8 nata FASTO.tech, un brand sotto il cui cappello inseriamo progetti per noi innovativi per poi testarli, senza troppe pretese di marginalit\u00e0\u00bb.<\/strong><\/p><p><strong style=\"letter-spacing: 0.03em;\">Il primo di questi progetti \u00e8 il noleggio di macchine per l\u2019installazione dei loro fasteners<\/strong><span style=\"letter-spacing: 0.03em;\">: \u00abIn passato e per una decina di anni siamo stati distributori di queste presse per lamiera prodotte dall\u2019azienda migliore, almeno a mio parere, nel campo. Per ragioni pi\u00f9 grandi di noi ne abbiamo perso la rappresentanza e a quel punto ho deciso che non mi interessava trovare un loro competitor, che sarebbe stato a un livello di eccellenza inferiore, per sostituirli. Abbiamo congelato temporaneamente quel ramo di attivit\u00e0 per poi ritornarci, ma con un modello diverso. Abbiamo trovato un produttore di quel tipo di macchine, le certifichiamo in Italia e sono a disposizione dei clienti per il solo noleggio. Abbiamo creato un sito Internet dedicato ed \u00e8 l\u00ec che il cliente va a scegliere la tipologia che gli serve, seleziona un periodo, paga con la carta di credito e il giorno dopo riceve il macchinario. Cos\u00ec siamo riusciti a rientrare su quel mercato senza andare a confliggere con il \u201cnostro\u201d vecchio marchio e allo stesso tempo siamo entrati nel mondo virtuoso dell\u2019economia circolare, dell\u2019approccio anticonsumistico, perch\u00e9 grazie al <\/span><em style=\"letter-spacing: 0.03em;\">renting<\/em><span style=\"letter-spacing: 0.03em;\"> ogni macchina \u00e8 usata da pi\u00f9 persone. <\/span><strong style=\"letter-spacing: 0.03em;\">Poi, visto che l\u2019idea ha avuto successo, abbiamo deciso di collocare sotto lo stesso cappello tutti i nostri <em>tool <\/em>di installazione per cui adesso FASTO.tech \u00e8 una piattaforma di noleggio.<\/strong><span style=\"letter-spacing: 0.03em;\"> Le macchine arrivano al cliente debitamente inscatolate, accompagnate dalle istruzioni per il funzionamento e se ci fossero dei problemi interviene un nostro tecnico\u00bb.<\/span><\/p>\t\t\t\t\t\t\t\t<\/div>\n\t\t\t\t<\/div>\n\t\t\t\t<div class=\"elementor-element elementor-element-3a7fa66 elementor-widget elementor-widget-image\" data-id=\"3a7fa66\" data-element_type=\"widget\" data-widget_type=\"image.default\">\n\t\t\t\t<div class=\"elementor-widget-container\">\n\t\t\t\t\t\t\t\t\t\t\t\t<figure class=\"wp-caption\">\n\t\t\t\t\t\t\t\t\t\t\t<a href=\"https:\/\/www.studiochiesa.it\/wp-content\/uploads\/2025\/05\/SCEGLI-UN-PIANO.jpg\" data-elementor-open-lightbox=\"yes\" data-e-action-hash=\"#elementor-action%3Aaction%3Dlightbox%26settings%3DeyJpZCI6NDQ4MzQsInVybCI6Imh0dHBzOlwvXC93d3cuc3R1ZGlvY2hpZXNhLml0XC93cC1jb250ZW50XC91cGxvYWRzXC8yMDI1XC8wNVwvU0NFR0xJLVVOLVBJQU5PLmpwZyJ9\">\n\t\t\t\t\t\t\t<img loading=\"lazy\" decoding=\"async\" width=\"800\" height=\"533\" src=\"https:\/\/www.studiochiesa.it\/wp-content\/uploads\/2025\/05\/SCEGLI-UN-PIANO.jpg\" class=\"attachment-large size-large wp-image-44834\" alt=\"\" srcset=\"https:\/\/www.studiochiesa.it\/wp-content\/uploads\/2025\/05\/SCEGLI-UN-PIANO.jpg 1920w, https:\/\/www.studiochiesa.it\/wp-content\/uploads\/2025\/05\/SCEGLI-UN-PIANO-500x333.jpg 500w, https:\/\/www.studiochiesa.it\/wp-content\/uploads\/2025\/05\/SCEGLI-UN-PIANO-768x512.jpg 768w, https:\/\/www.studiochiesa.it\/wp-content\/uploads\/2025\/05\/SCEGLI-UN-PIANO-1536x1024.jpg 1536w, https:\/\/www.studiochiesa.it\/wp-content\/uploads\/2025\/05\/SCEGLI-UN-PIANO-18x12.jpg 18w\" sizes=\"(max-width: 800px) 100vw, 800px\" \/>\t\t\t\t\t\t\t\t<\/a>\n\t\t\t\t\t\t\t\t\t\t\t<figcaption class=\"widget-image-caption wp-caption-text\"><\/figcaption>\n\t\t\t\t\t\t\t\t\t\t<\/figure>\n\t\t\t\t\t\t\t\t\t<\/div>\n\t\t\t\t<\/div>\n\t\t\t\t<div class=\"elementor-element elementor-element-de16103 elementor-widget elementor-widget-text-editor\" data-id=\"de16103\" data-element_type=\"widget\" data-widget_type=\"text-editor.default\">\n\t\t\t\t<div class=\"elementor-widget-container\">\n\t\t\t\t\t\t\t\t\t<p>Sulla piattaforma Celada vorrebbe offrire ai suoi clienti anche altri servizi \u2013 \u00able nostre competenze\u00bb \u2013 di cui sar\u00e0 possibile verificare la disponibilit\u00e0 sul calendario pagando al momento della prenotazione sempre con carta di credito, \u00abproprio come si fa su Booking\u00bb. <strong>Cos\u00ec come sta cominciando a esplorare i mondi delle <em>subscription<\/em> e delle <em>vending machine<\/em><\/strong>: \u00abAvrebbe senso nel nostro mondo? Non lo so, ma non voglio trascurarlo\u00bb.<\/p><p>E l\u2019AI? Impossibile cogliere in castagna Celada. Da bravo secchione ha studiato l\u2019argomento per concludere che \u00abL\u2019Intelligenza Artificiale si sta sviluppando nel campo dell\u2019assistenza al cliente molto di pi\u00f9 nel mondo B2C o in quelle societ\u00e0 che hanno ingenti volumi di richieste per problemi vari o semplice informazione. In quei casi l\u2019AI \u00e8 in grado di smistare e poi accompagnare la clientela verso la risposta di cui ha bisogno. Ma non \u00e8 il nostro caso perch\u00e9 difficilmente i nostri prodotti hanno criticit\u00e0. Per\u00f2 s\u00ec, certo, in futuro potrebbe essere utile, non respingo nessuna novit\u00e0 perch\u00e9 se lo facessi, nel mondo di oggi potrei non rendermi conto di trovarmi eventualmente in una situazione critica\u00bb.<\/p><p>Lucidit\u00e0 di analisi, progettualit\u00e0 a 360 gradi, capacit\u00e0 di pensiero trasversale, in Junio Celada c\u2019\u00e8 tutto questo, ma che dire dell\u2019amore per il suo prodotto? Gira a lungo attorno alla risposta, che alla fine arriva secca, con pochi margini al sentimentalismo: \u00ab<strong>Il mio prodotto \u00e8 un\u2019opportunit\u00e0 e da questo punto di vista \u00e8 eccezionale. E infatti dentro di me ringrazio sempre mio padre e prima ancora mio nonno per aver avuto questa intuizione, per aver percepito un ambito fondamentale e imprescindibile del mondo industriale<\/strong>. Quindi s\u00ec, potrei dire che amo il mio prodotto per le possibilit\u00e0 che mi d\u00e0 di poter continuare a esistere\u00bb.<\/p>\t\t\t\t\t\t\t\t<\/div>\n\t\t\t\t<\/div>\n\t\t\t\t<div class=\"elementor-element elementor-element-da48ff3 elementor-widget elementor-widget-image\" data-id=\"da48ff3\" data-element_type=\"widget\" data-widget_type=\"image.default\">\n\t\t\t\t<div class=\"elementor-widget-container\">\n\t\t\t\t\t\t\t\t\t\t\t\t<figure class=\"wp-caption\">\n\t\t\t\t\t\t\t\t\t\t\t<a href=\"https:\/\/www.studiochiesa.it\/wp-content\/uploads\/2025\/05\/FASTO.tech_.jpg\" data-elementor-open-lightbox=\"yes\" data-e-action-hash=\"#elementor-action%3Aaction%3Dlightbox%26settings%3DeyJpZCI6NDQ4MzIsInVybCI6Imh0dHBzOlwvXC93d3cuc3R1ZGlvY2hpZXNhLml0XC93cC1jb250ZW50XC91cGxvYWRzXC8yMDI1XC8wNVwvRkFTVE8udGVjaF8uanBnIn0%3D\">\n\t\t\t\t\t\t\t<img loading=\"lazy\" decoding=\"async\" width=\"800\" height=\"534\" src=\"https:\/\/www.studiochiesa.it\/wp-content\/uploads\/2025\/05\/FASTO.tech_.jpg\" class=\"attachment-large size-large wp-image-44832\" alt=\"\" srcset=\"https:\/\/www.studiochiesa.it\/wp-content\/uploads\/2025\/05\/FASTO.tech_.jpg 1920w, https:\/\/www.studiochiesa.it\/wp-content\/uploads\/2025\/05\/FASTO.tech_-500x334.jpg 500w, https:\/\/www.studiochiesa.it\/wp-content\/uploads\/2025\/05\/FASTO.tech_-768x512.jpg 768w, https:\/\/www.studiochiesa.it\/wp-content\/uploads\/2025\/05\/FASTO.tech_-1536x1025.jpg 1536w, https:\/\/www.studiochiesa.it\/wp-content\/uploads\/2025\/05\/FASTO.tech_-18x12.jpg 18w\" sizes=\"(max-width: 800px) 100vw, 800px\" \/>\t\t\t\t\t\t\t\t<\/a>\n\t\t\t\t\t\t\t\t\t\t\t<figcaption class=\"widget-image-caption wp-caption-text\"><\/figcaption>\n\t\t\t\t\t\t\t\t\t\t<\/figure>\n\t\t\t\t\t\t\t\t\t<\/div>\n\t\t\t\t<\/div>\n\t\t\t\t<div class=\"elementor-element elementor-element-3f81772 elementor-widget elementor-widget-text-editor\" data-id=\"3f81772\" data-element_type=\"widget\" data-widget_type=\"text-editor.default\">\n\t\t\t\t<div class=\"elementor-widget-container\">\n\t\t\t\t\t\t\t\t\t<p>La sua \u00e8 un\u2019azienda che non \u00e8 sbagliato affermare sia nata pi\u00f9 volte: \u00abLa primissima data di nascita \u00e8 collocabile nel 1938 perch\u00e9 \u00e8 in quell\u2019anno che mio nonno, ingegnere, ha dato il via a un\u2019attivit\u00e0 nel mondo delle macchine utensili. Inizialmente le produceva proprio, poi con l\u2019entrata del fratello nell\u2019impresa, la societ\u00e0 si \u00e8 indirizzata con successo verso la loro pura commercializzazione. <strong>Negli anni Cinquanta una svolta: mio nonno torna da un viaggio negli Stati Uniti con un oggetto che sembra una molla, ma che in realt\u00e0 \u00e8 un inserto per ripristinare le filettature nei metalli nel caso si siano perse oppure per proteggerle in anticipo dall\u2019usura. Mio nonno cominci\u00f2 a ragionarci sopra: avrebbe potuto inserire questa protezione in tutte le macchine utensili, per migliorarne la qualit\u00e0. Cos\u00ec ha cominciato a importare questi prodotti dando il via a una costola della sua azienda a essi dedicata<\/strong>. Con mio padre, nel 1975, c\u2019\u00e8 stata la netta separazione, anche dal punto di vista societario, delle due attivit\u00e0: quest\u2019anno quindi festeggiamo il 50\u00b0 anniversario di CELADA Fasteners. Questo mezzo secolo ci ha visti impegnati in una continua ricerca di prodotti per metallo, poi per lamiera e infine, <strong>grazie alla <em>joint venture<\/em> con PSM International, per la plastica\u00bb<\/strong>. S\u00ec, perch\u00e9 nel 1986 ha preso forma l\u2019accordo tra quella che allora era una societ\u00e0 inglese \u2013 e oggi invece \u00e8 di propriet\u00e0 della Bulten svedese \u2013 e l\u2019azienda allora del padre di Junio: PSM CELADA Fasteners \u00e8 il suo nuovo nome.<\/p><p><span style=\"letter-spacing: 0.03em;\">La storia personale di Junio, a interpretare le sue parole, perch\u00e9 sono precise, ma sempre anche caute, non \u00e8 stata esattamente plasmata sull\u2019azienda di famiglia: \u00abInnanzitutto non ho mai ricevuto pressioni in quel senso. All\u2019universit\u00e0 ho scelto scienze politiche perch\u00e9 mi sarebbe piaciuto intraprendere la strada della politica internazionale, mi appassionava, e tuttora \u00e8 cos\u00ec. D\u2019altro canto, quando durante la tua giovent\u00f9 hai la consapevolezza dell\u2019esistenza di un\u2019azienda famigliare, sai che potresti alla fine andarci a lavorare e nel contempo fai di tutto per sfuggire a questo destino, \u00e8 naturale che tenti di intraprendere altre strade. Poi ho capito che mi attirava l\u2019idea di gestire un\u2019attivit\u00e0 e quindi sono entrato in azienda. E come spesso in questi casi, nessuno ti sta aspettando e niente \u00e8 preparato. E allora che fai? Cerchi un posto dove poter andare stando il pi\u00f9 possibile lontano dal pap\u00e0 e io ho scelto il magazzino dove sono rimasto per tre anni. Sono tornato quando ho ritenuto di aver imparato i processi, conosciuto i prodotti e apportato in quell\u2019ambito una serie di miglioramenti che ritenevo necessari. A quel punto mi sono inserito laddove vedevo degli spazi: ci manca una certificazione? Ho studiato e quindi mi sono occupato di quella. Oppure, abbiamo bisogno di una figura marketing? Va bene, mi metto a studiarlo. Alla fin della fiera \u00e8 cos\u00ec che avviene il passaggio generazionale in aziende piccole come la nostra: non c\u2019\u00e8 una pianificazione accurata con test o prove attitudinali, esperienze all\u2019estero o quant\u2019altro. No, i figli cercano delle nicchie e vi si inseriscono\u00bb.<\/span><\/p>\t\t\t\t\t\t\t\t<\/div>\n\t\t\t\t<\/div>\n\t\t\t\t<div class=\"elementor-element elementor-element-874b338 elementor-widget elementor-widget-image\" data-id=\"874b338\" data-element_type=\"widget\" data-widget_type=\"image.default\">\n\t\t\t\t<div class=\"elementor-widget-container\">\n\t\t\t\t\t\t\t\t\t\t\t\t<figure class=\"wp-caption\">\n\t\t\t\t\t\t\t\t\t\t\t<a href=\"https:\/\/www.studiochiesa.it\/wp-content\/uploads\/2025\/05\/2017-04-03-15.34.20.jpg\" data-elementor-open-lightbox=\"yes\" data-e-action-hash=\"#elementor-action%3Aaction%3Dlightbox%26settings%3DeyJpZCI6NDQ4MzcsInVybCI6Imh0dHBzOlwvXC93d3cuc3R1ZGlvY2hpZXNhLml0XC93cC1jb250ZW50XC91cGxvYWRzXC8yMDI1XC8wNVwvMjAxNy0wNC0wMy0xNS4zNC4yMC5qcGcifQ%3D%3D\">\n\t\t\t\t\t\t\t<img loading=\"lazy\" decoding=\"async\" width=\"800\" height=\"533\" src=\"https:\/\/www.studiochiesa.it\/wp-content\/uploads\/2025\/05\/2017-04-03-15.34.20.jpg\" class=\"attachment-large size-large wp-image-44837\" alt=\"\" srcset=\"https:\/\/www.studiochiesa.it\/wp-content\/uploads\/2025\/05\/2017-04-03-15.34.20.jpg 1920w, https:\/\/www.studiochiesa.it\/wp-content\/uploads\/2025\/05\/2017-04-03-15.34.20-500x333.jpg 500w, https:\/\/www.studiochiesa.it\/wp-content\/uploads\/2025\/05\/2017-04-03-15.34.20-768x512.jpg 768w, https:\/\/www.studiochiesa.it\/wp-content\/uploads\/2025\/05\/2017-04-03-15.34.20-1536x1024.jpg 1536w, https:\/\/www.studiochiesa.it\/wp-content\/uploads\/2025\/05\/2017-04-03-15.34.20-18x12.jpg 18w\" sizes=\"(max-width: 800px) 100vw, 800px\" \/>\t\t\t\t\t\t\t\t<\/a>\n\t\t\t\t\t\t\t\t\t\t\t<figcaption class=\"widget-image-caption wp-caption-text\"><\/figcaption>\n\t\t\t\t\t\t\t\t\t\t<\/figure>\n\t\t\t\t\t\t\t\t\t<\/div>\n\t\t\t\t<\/div>\n\t\t\t\t<div class=\"elementor-element elementor-element-6e762e1 elementor-widget elementor-widget-text-editor\" data-id=\"6e762e1\" data-element_type=\"widget\" data-widget_type=\"text-editor.default\">\n\t\t\t\t<div class=\"elementor-widget-container\">\n\t\t\t\t\t\t\t\t\t<p>Junio Celada ha spesso un modo di raccontare che sfiora il puro humor britannico, quello alla Wodehouse per intenderci, come quando narra delle periodiche visite del padre in azienda: \u00abArriva e, non so se lo faccia apposta, mi domanda a bruciapelo una statistica relativa a un certo prodotto. E io: \u00abNon lo so, non me lo ricordo, aspetta che vado a vedere\u201d. Apro il PC e naturalmente non trovo subito la risposta, devo consultare dei grafici, perdo tempo e lui con implacabile sadismo professionale: \u201cIo avevo tutto scritto\u201d. Se vogliamo alla fine non ha torto: noi con la nostra digitalizzazione spinta abbiamo la sensazione di avere tutto a portata di polpastrelli, ma non \u00e8 cos\u00ec. Sappiamo, certo, che, a cercare, troveremo una tabella, un grafico, un report da riportare alla luce con un click, ma invece \u00e8 facilissimo perdere la storicit\u00e0 delle informazioni\u00bb. <strong>Ammesso che il passato sia poi cos\u00ec importante, un aspetto su cui Celada nutre forti dubbi: \u00abRispetto a mio padre per me il passato conta molto meno perch\u00e9 le situazioni cambiano di continuo e molto profondamente in poco tempo. Anzi potrei arrivare a sostenere che il passato non esiste. E che perci\u00f2 a me interessa il futuro\u00bb.<\/strong><\/p><p><span style=\"letter-spacing: 0.03em;\">Dicevamo che CELADA Fasteners \u00e8 una sorta di fenice aziendale: non risorge propriamente dalle proprie ceneri, ma si continua a rigenerare: \u00abQualche anno fa abbiamo optato per un deciso cambio generazionale, alcune figure chiave erano andate in pensione e ne ho approfittato per inserire persone nuove con competenze pi\u00f9 attuali e per compiere una rivoluzione digitale sicch\u00e9 potrei davvero sostenere che siamo una sorta di <\/span><em style=\"letter-spacing: 0.03em;\">startup<\/em><span style=\"letter-spacing: 0.03em;\">, che per\u00f2, e per fortuna, ha iniziato la sua vita con una solida base di fatturato. \u00c8 stato a quel punto che abbiamo sentito il bisogno di fare il punto sui nostri valori\u00bb. <\/span><strong style=\"letter-spacing: 0.03em;\">Un sondaggio interno, con interviste a tutti i collaboratori, ha permesso di individuarli e per comunicarli niente pomposi proclami, ma un agile libretto nel quale a ciascuno \u00e8 abbinata una canzone e una coloratissima immagine dal sapore pop<\/strong><span style=\"letter-spacing: 0.03em;\">: quindi, tanto per fare un esempio, alla voce \u00abcoraggio\u00bb troviamo <\/span><em style=\"letter-spacing: 0.03em;\">Don\u2019t stop me now<\/em><span style=\"letter-spacing: 0.03em;\"> dei Queen (<\/span><em style=\"letter-spacing: 0.03em;\">I\u2019am a shooting star leaping through the sky\/Like a tiger defying the laws of gravity\/I\u2019am a racing car passing by like Lady Godiva\/I\u2019m gonna go, go, go\/There\u2019s nothing<\/em> <em style=\"letter-spacing: 0.03em;\">stopping me<\/em><span style=\"letter-spacing: 0.03em;\">!) e un unicorno maestoso che emerge da un mare di fiori color cobalto. \u00abE con le canzoni abbiamo costituito una <\/span><em style=\"letter-spacing: 0.03em;\">playlist<\/em><span style=\"letter-spacing: 0.03em;\"> che poi abbiamo pubblicato su Spotify\u00bb.<\/span><\/p>\t\t\t\t\t\t\t\t<\/div>\n\t\t\t\t<\/div>\n\t\t<div class=\"elementor-element elementor-element-a965219 e-con-full e-flex e-con e-child\" data-id=\"a965219\" data-element_type=\"container\" data-settings=\"{&quot;jet_parallax_layout_list&quot;:[]}\">\n\t\t\t\t<div class=\"elementor-element elementor-element-646ace8 elementor-widget elementor-widget-image\" data-id=\"646ace8\" data-element_type=\"widget\" data-widget_type=\"image.default\">\n\t\t\t\t<div class=\"elementor-widget-container\">\n\t\t\t\t\t\t\t\t\t\t\t\t<figure class=\"wp-caption\">\n\t\t\t\t\t\t\t\t\t\t\t<a href=\"https:\/\/www.studiochiesa.it\/wp-content\/uploads\/2025\/05\/Coraggio.jpg\" data-elementor-open-lightbox=\"yes\" data-e-action-hash=\"#elementor-action%3Aaction%3Dlightbox%26settings%3DeyJpZCI6NDQ4MzEsInVybCI6Imh0dHBzOlwvXC93d3cuc3R1ZGlvY2hpZXNhLml0XC93cC1jb250ZW50XC91cGxvYWRzXC8yMDI1XC8wNVwvQ29yYWdnaW8uanBnIn0%3D\">\n\t\t\t\t\t\t\t<img loading=\"lazy\" decoding=\"async\" width=\"419\" height=\"595\" src=\"https:\/\/www.studiochiesa.it\/wp-content\/uploads\/2025\/05\/Coraggio.jpg\" class=\"attachment-large size-large wp-image-44831\" alt=\"\" srcset=\"https:\/\/www.studiochiesa.it\/wp-content\/uploads\/2025\/05\/Coraggio.jpg 419w, https:\/\/www.studiochiesa.it\/wp-content\/uploads\/2025\/05\/Coraggio-352x500.jpg 352w, https:\/\/www.studiochiesa.it\/wp-content\/uploads\/2025\/05\/Coraggio-8x12.jpg 8w\" sizes=\"(max-width: 419px) 100vw, 419px\" \/>\t\t\t\t\t\t\t\t<\/a>\n\t\t\t\t\t\t\t\t\t\t\t<figcaption class=\"widget-image-caption wp-caption-text\"><\/figcaption>\n\t\t\t\t\t\t\t\t\t\t<\/figure>\n\t\t\t\t\t\t\t\t\t<\/div>\n\t\t\t\t<\/div>\n\t\t\t\t<div class=\"elementor-element elementor-element-2619b1e elementor-widget elementor-widget-image\" data-id=\"2619b1e\" data-element_type=\"widget\" data-widget_type=\"image.default\">\n\t\t\t\t<div class=\"elementor-widget-container\">\n\t\t\t\t\t\t\t\t\t\t\t\t<figure class=\"wp-caption\">\n\t\t\t\t\t\t\t\t\t\t\t<a href=\"https:\/\/www.studiochiesa.it\/wp-content\/uploads\/2025\/05\/Vicinanza.jpg\" data-elementor-open-lightbox=\"yes\" data-e-action-hash=\"#elementor-action%3Aaction%3Dlightbox%26settings%3DeyJpZCI6NDQ4MzAsInVybCI6Imh0dHBzOlwvXC93d3cuc3R1ZGlvY2hpZXNhLml0XC93cC1jb250ZW50XC91cGxvYWRzXC8yMDI1XC8wNVwvVmljaW5hbnphLmpwZyJ9\">\n\t\t\t\t\t\t\t<img loading=\"lazy\" decoding=\"async\" width=\"419\" height=\"595\" src=\"https:\/\/www.studiochiesa.it\/wp-content\/uploads\/2025\/05\/Vicinanza.jpg\" class=\"attachment-large size-large wp-image-44830\" alt=\"\" srcset=\"https:\/\/www.studiochiesa.it\/wp-content\/uploads\/2025\/05\/Vicinanza.jpg 419w, https:\/\/www.studiochiesa.it\/wp-content\/uploads\/2025\/05\/Vicinanza-352x500.jpg 352w, https:\/\/www.studiochiesa.it\/wp-content\/uploads\/2025\/05\/Vicinanza-8x12.jpg 8w\" sizes=\"(max-width: 419px) 100vw, 419px\" \/>\t\t\t\t\t\t\t\t<\/a>\n\t\t\t\t\t\t\t\t\t\t\t<figcaption class=\"widget-image-caption wp-caption-text\"><\/figcaption>\n\t\t\t\t\t\t\t\t\t\t<\/figure>\n\t\t\t\t\t\t\t\t\t<\/div>\n\t\t\t\t<\/div>\n\t\t\t\t<\/div>\n\t\t\t\t<div class=\"elementor-element elementor-element-5885ced elementor-widget elementor-widget-text-editor\" data-id=\"5885ced\" data-element_type=\"widget\" data-widget_type=\"text-editor.default\">\n\t\t\t\t<div class=\"elementor-widget-container\">\n\t\t\t\t\t\t\t\t\t<p><strong>Ma non basta elencare dei valori (noi lo faremo, sono contemporaneit\u00e0, innovazione, coraggio, visione, etica, integrit\u00e0, solidit\u00e0, vicinanza). Per Celada, se non si d\u00e0 loro concretezza, si resta in un campo che confina con l\u2019ipocrisia. Ecco perch\u00e9 sono stati abbinati a tangibili iniziative<\/strong>, come il sostegno al Cisom, Corpo Italiano di Soccorso dell\u2019Ordine dei Cavalieri di Malta, istituzione impegnata nella protezione civile nelle emergenze sanitarie e nel primo soccorso nel Mediterraneo, piuttosto che l\u2019adesione al programma Corporate Golden Donor del FAI oppure ancora la sponsorizzazione come <em>main partner<\/em> di un giovanissimo equipaggio velico che partecipa al campionato\u00a0Yamamay\u00a0Cup\u00a0RS 21 Italian Class. E non \u00e8 detto che rimangano sempre gli stessi: \u00abIl mondo cambia e con esso i valori per noi importanti sicch\u00e9 nel tempo si potrebbe verificare anche un avvicendamento. L\u2019importante per me \u00e8 che ci sia un\u2019integrit\u00e0 di fondo, l\u2019identit\u00e0 tra quello che affermiamo e quello che facciamo\u00bb.<\/p>\t\t\t\t\t\t\t\t<\/div>\n\t\t\t\t<\/div>\n\t\t\t\t\t<\/div>\n\t\t\t\t<\/div>\n\t\t\t\t<\/div>","protected":false},"excerpt":{"rendered":"<p>No, non \u00e8 refuso. Ricominciamo dall\u2019inizio, dall\u2019abbicc\u00ec del marketing: un business \u00e8 B2B o B2C a seconda del tipo di clientela a cui \u00e8 orientato. Punto.<\/p>","protected":false},"author":14,"featured_media":44838,"comment_status":"closed","ping_status":"closed","sticky":false,"template":"","format":"standard","meta":{"footnotes":""},"categories":[233],"tags":[],"class_list":["post-44814","post","type-post","status-publish","format-standard","has-post-thumbnail","hentry","category-heritage"],"yoast_head":"<!-- This site is optimized with the Yoast SEO Premium plugin v26.3 (Yoast SEO v27.5) - https:\/\/yoast.com\/product\/yoast-seo-premium-wordpress\/ -->\n<title>DAL B2B AL B2P - Studio Chiesa<\/title>\n<meta name=\"description\" content=\"No, non \u00e8 refuso. Ricominciamo dall\u2019inizio, dall\u2019abbicc\u00ec del marketing: un business \u00e8 B2B o B2C a seconda del tipo di clientela a cui \u00e8 orientato. Punto.\" \/>\n<meta name=\"robots\" content=\"index, follow, max-snippet:-1, max-image-preview:large, max-video-preview:-1\" \/>\n<link rel=\"canonical\" href=\"https:\/\/www.studiochiesa.it\/en\/dal-b2b-al-b2p\/\" \/>\n<meta property=\"og:locale\" content=\"en_GB\" \/>\n<meta property=\"og:type\" content=\"article\" \/>\n<meta property=\"og:title\" content=\"DAL B2B AL B2P\" \/>\n<meta property=\"og:description\" content=\"No, non \u00e8 refuso. Ricominciamo dall\u2019inizio, dall\u2019abbicc\u00ec del marketing: un business \u00e8 B2B o B2C a seconda del tipo di clientela a cui \u00e8 orientato. Punto.\" \/>\n<meta property=\"og:url\" content=\"https:\/\/www.studiochiesa.it\/en\/dal-b2b-al-b2p\/\" \/>\n<meta property=\"og:site_name\" content=\"Studio Chiesa\" \/>\n<meta property=\"article:publisher\" content=\"https:\/\/www.facebook.com\/pages\/Studio-Chiesa\/407194632625821\" \/>\n<meta property=\"article:published_time\" content=\"2025-05-29T13:30:28+00:00\" \/>\n<meta property=\"article:modified_time\" content=\"2025-05-29T14:09:14+00:00\" \/>\n<meta property=\"og:image\" content=\"https:\/\/www.studiochiesa.it\/wp-content\/uploads\/2025\/05\/2025-05-29-CELADA.jpg\" \/>\n\t<meta property=\"og:image:width\" content=\"1200\" \/>\n\t<meta property=\"og:image:height\" content=\"628\" \/>\n\t<meta property=\"og:image:type\" content=\"image\/jpeg\" \/>\n<meta name=\"author\" content=\"Anna Brasca\" \/>\n<meta name=\"twitter:card\" content=\"summary_large_image\" \/>\n<meta name=\"twitter:label1\" content=\"Written by\" \/>\n\t<meta name=\"twitter:data1\" content=\"Anna Brasca\" \/>\n\t<meta name=\"twitter:label2\" content=\"Estimated reading time\" \/>\n\t<meta name=\"twitter:data2\" content=\"19 minutes\" \/>\n<script type=\"application\/ld+json\" class=\"yoast-schema-graph\">{\"@context\":\"https:\\\/\\\/schema.org\",\"@graph\":[{\"@type\":\"Article\",\"@id\":\"https:\\\/\\\/www.studiochiesa.it\\\/dal-b2b-al-b2p\\\/#article\",\"isPartOf\":{\"@id\":\"https:\\\/\\\/www.studiochiesa.it\\\/dal-b2b-al-b2p\\\/\"},\"author\":{\"name\":\"Anna Brasca\",\"@id\":\"https:\\\/\\\/www.studiochiesa.it\\\/en\\\/#\\\/schema\\\/person\\\/b88881d1831fb372f1b92a66d564d5ca\"},\"headline\":\"DAL B2B AL B2P\",\"datePublished\":\"2025-05-29T13:30:28+00:00\",\"dateModified\":\"2025-05-29T14:09:14+00:00\",\"mainEntityOfPage\":{\"@id\":\"https:\\\/\\\/www.studiochiesa.it\\\/dal-b2b-al-b2p\\\/\"},\"wordCount\":3162,\"publisher\":{\"@id\":\"https:\\\/\\\/www.studiochiesa.it\\\/en\\\/#organization\"},\"image\":{\"@id\":\"https:\\\/\\\/www.studiochiesa.it\\\/dal-b2b-al-b2p\\\/#primaryimage\"},\"thumbnailUrl\":\"https:\\\/\\\/www.studiochiesa.it\\\/wp-content\\\/uploads\\\/2025\\\/05\\\/2025-05-29-CELADA.jpg\",\"articleSection\":[\"Heritage\"],\"inLanguage\":\"en-GB\",\"copyrightYear\":\"2025\",\"copyrightHolder\":{\"@id\":\"https:\\\/\\\/www.studiochiesa.it\\\/en\\\/#organization\"}},{\"@type\":\"WebPage\",\"@id\":\"https:\\\/\\\/www.studiochiesa.it\\\/dal-b2b-al-b2p\\\/\",\"url\":\"https:\\\/\\\/www.studiochiesa.it\\\/dal-b2b-al-b2p\\\/\",\"name\":\"DAL B2B AL B2P - Studio Chiesa\",\"isPartOf\":{\"@id\":\"https:\\\/\\\/www.studiochiesa.it\\\/en\\\/#website\"},\"primaryImageOfPage\":{\"@id\":\"https:\\\/\\\/www.studiochiesa.it\\\/dal-b2b-al-b2p\\\/#primaryimage\"},\"image\":{\"@id\":\"https:\\\/\\\/www.studiochiesa.it\\\/dal-b2b-al-b2p\\\/#primaryimage\"},\"thumbnailUrl\":\"https:\\\/\\\/www.studiochiesa.it\\\/wp-content\\\/uploads\\\/2025\\\/05\\\/2025-05-29-CELADA.jpg\",\"datePublished\":\"2025-05-29T13:30:28+00:00\",\"dateModified\":\"2025-05-29T14:09:14+00:00\",\"description\":\"No, non \u00e8 refuso. Ricominciamo dall\u2019inizio, dall\u2019abbicc\u00ec del marketing: un business \u00e8 B2B o B2C a seconda del tipo di clientela a cui \u00e8 orientato. Punto.\",\"breadcrumb\":{\"@id\":\"https:\\\/\\\/www.studiochiesa.it\\\/dal-b2b-al-b2p\\\/#breadcrumb\"},\"inLanguage\":\"en-GB\",\"potentialAction\":[{\"@type\":\"ReadAction\",\"target\":[\"https:\\\/\\\/www.studiochiesa.it\\\/dal-b2b-al-b2p\\\/\"]}]},{\"@type\":\"ImageObject\",\"inLanguage\":\"en-GB\",\"@id\":\"https:\\\/\\\/www.studiochiesa.it\\\/dal-b2b-al-b2p\\\/#primaryimage\",\"url\":\"https:\\\/\\\/www.studiochiesa.it\\\/wp-content\\\/uploads\\\/2025\\\/05\\\/2025-05-29-CELADA.jpg\",\"contentUrl\":\"https:\\\/\\\/www.studiochiesa.it\\\/wp-content\\\/uploads\\\/2025\\\/05\\\/2025-05-29-CELADA.jpg\",\"width\":1200,\"height\":628},{\"@type\":\"BreadcrumbList\",\"@id\":\"https:\\\/\\\/www.studiochiesa.it\\\/dal-b2b-al-b2p\\\/#breadcrumb\",\"itemListElement\":[{\"@type\":\"ListItem\",\"position\":1,\"name\":\"Home\",\"item\":\"https:\\\/\\\/www.studiochiesa.it\\\/\"},{\"@type\":\"ListItem\",\"position\":2,\"name\":\"DAL B2B AL B2P\"}]},{\"@type\":\"WebSite\",\"@id\":\"https:\\\/\\\/www.studiochiesa.it\\\/en\\\/#website\",\"url\":\"https:\\\/\\\/www.studiochiesa.it\\\/en\\\/\",\"name\":\"Studio Chiesa\",\"description\":\"\",\"publisher\":{\"@id\":\"https:\\\/\\\/www.studiochiesa.it\\\/en\\\/#organization\"},\"potentialAction\":[{\"@type\":\"SearchAction\",\"target\":{\"@type\":\"EntryPoint\",\"urlTemplate\":\"https:\\\/\\\/www.studiochiesa.it\\\/en\\\/?s={search_term_string}\"},\"query-input\":{\"@type\":\"PropertyValueSpecification\",\"valueRequired\":true,\"valueName\":\"search_term_string\"}}],\"inLanguage\":\"en-GB\"},{\"@type\":[\"Organization\",\"Place\"],\"@id\":\"https:\\\/\\\/www.studiochiesa.it\\\/en\\\/#organization\",\"name\":\"Studio Chiesa Communication\",\"alternateName\":\"Studio Chiesa\",\"url\":\"https:\\\/\\\/www.studiochiesa.it\\\/en\\\/\",\"logo\":{\"@id\":\"https:\\\/\\\/www.studiochiesa.it\\\/dal-b2b-al-b2p\\\/#local-main-organization-logo\"},\"image\":{\"@id\":\"https:\\\/\\\/www.studiochiesa.it\\\/dal-b2b-al-b2p\\\/#local-main-organization-logo\"},\"sameAs\":[\"https:\\\/\\\/www.facebook.com\\\/pages\\\/Studio-Chiesa\\\/407194632625821\",\"https:\\\/\\\/www.linkedin.com\\\/company\\\/studio-chiesa\\\/\",\"https:\\\/\\\/www.instagram.com\\\/studiochiesa\\\/\",\"https:\\\/\\\/www.youtube.com\\\/user\\\/StudioChiesa\"],\"address\":{\"@id\":\"https:\\\/\\\/www.studiochiesa.it\\\/dal-b2b-al-b2p\\\/#local-main-place-address\"},\"geo\":{\"@type\":\"GeoCoordinates\",\"latitude\":\"45.450479\",\"longitude\":\"9.1723044\"},\"telephone\":[\"+39 0254116738\"],\"openingHoursSpecification\":[{\"@type\":\"OpeningHoursSpecification\",\"dayOfWeek\":[\"Monday\",\"Tuesday\",\"Wednesday\",\"Thursday\",\"Friday\",\"Saturday\",\"Sunday\"],\"opens\":\"09:00\",\"closes\":\"17:00\"}],\"vatID\":\"01687340206\"},{\"@type\":\"Person\",\"@id\":\"https:\\\/\\\/www.studiochiesa.it\\\/en\\\/#\\\/schema\\\/person\\\/b88881d1831fb372f1b92a66d564d5ca\",\"name\":\"Anna Brasca\",\"image\":{\"@type\":\"ImageObject\",\"inLanguage\":\"en-GB\",\"@id\":\"https:\\\/\\\/secure.gravatar.com\\\/avatar\\\/0dd1f84ae4721a181705fd5431b9db97a45a6c736eb0e74ffc4e9912c97186a8?s=96&d=mm&r=g\",\"url\":\"https:\\\/\\\/secure.gravatar.com\\\/avatar\\\/0dd1f84ae4721a181705fd5431b9db97a45a6c736eb0e74ffc4e9912c97186a8?s=96&d=mm&r=g\",\"contentUrl\":\"https:\\\/\\\/secure.gravatar.com\\\/avatar\\\/0dd1f84ae4721a181705fd5431b9db97a45a6c736eb0e74ffc4e9912c97186a8?s=96&d=mm&r=g\",\"caption\":\"Anna Brasca\"},\"description\":\"Da sempre innamorata del mondo della carta stampata, sono stata per diversi anni direttrice editoriale di De Agostini Publishing Italia mentre oggi ho un\u2019agenzia editoriale che mi consente di restare in contatto con libri e pubblicazioni destinati sia agli adulti sia ai kids. Collaboro con Studio Chiesa Communication nell\u2019ambito della cultura d\u2019impresa, un tema che mi ha consentito di scoprire quanta inaspettata bellezza ci sia nell\u2019industria italiana.\",\"sameAs\":[\"https:\\\/\\\/www.linkedin.com\\\/in\\\/annabrasca\\\/\"],\"url\":\"https:\\\/\\\/www.studiochiesa.it\\\/en\\\/author\\\/anna-brasca\\\/\"},{\"@type\":\"PostalAddress\",\"@id\":\"https:\\\/\\\/www.studiochiesa.it\\\/dal-b2b-al-b2p\\\/#local-main-place-address\",\"streetAddress\":\"Piazza Arcole, 4\",\"addressLocality\":\"Milano\",\"postalCode\":\"20143\",\"addressRegion\":\"Italia\",\"addressCountry\":\"IT\"},{\"@type\":\"ImageObject\",\"inLanguage\":\"en-GB\",\"@id\":\"https:\\\/\\\/www.studiochiesa.it\\\/dal-b2b-al-b2p\\\/#local-main-organization-logo\",\"url\":\"https:\\\/\\\/www.studiochiesa.it\\\/wp-content\\\/uploads\\\/2023\\\/05\\\/quadratino_SC.jpg\",\"contentUrl\":\"https:\\\/\\\/www.studiochiesa.it\\\/wp-content\\\/uploads\\\/2023\\\/05\\\/quadratino_SC.jpg\",\"width\":696,\"height\":696,\"caption\":\"Studio Chiesa Communication\"}]}<\/script>\n<meta name=\"geo.placename\" content=\"Milano\" \/>\n<meta name=\"geo.position\" content=\"45.450479;9.1723044\" \/>\n<meta name=\"geo.region\" content=\"Italy\" \/>\n<!-- \/ Yoast SEO Premium plugin. -->","yoast_head_json":{"title":"DAL B2B AL B2P - Studio Chiesa","description":"No, non \u00e8 refuso. Ricominciamo dall\u2019inizio, dall\u2019abbicc\u00ec del marketing: un business \u00e8 B2B o B2C a seconda del tipo di clientela a cui \u00e8 orientato. Punto.","robots":{"index":"index","follow":"follow","max-snippet":"max-snippet:-1","max-image-preview":"max-image-preview:large","max-video-preview":"max-video-preview:-1"},"canonical":"https:\/\/www.studiochiesa.it\/en\/dal-b2b-al-b2p\/","og_locale":"en_GB","og_type":"article","og_title":"DAL B2B AL B2P","og_description":"No, non \u00e8 refuso. Ricominciamo dall\u2019inizio, dall\u2019abbicc\u00ec del marketing: un business \u00e8 B2B o B2C a seconda del tipo di clientela a cui \u00e8 orientato. Punto.","og_url":"https:\/\/www.studiochiesa.it\/en\/dal-b2b-al-b2p\/","og_site_name":"Studio Chiesa","article_publisher":"https:\/\/www.facebook.com\/pages\/Studio-Chiesa\/407194632625821","article_published_time":"2025-05-29T13:30:28+00:00","article_modified_time":"2025-05-29T14:09:14+00:00","og_image":[{"width":1200,"height":628,"url":"https:\/\/www.studiochiesa.it\/wp-content\/uploads\/2025\/05\/2025-05-29-CELADA.jpg","type":"image\/jpeg"}],"author":"Anna Brasca","twitter_card":"summary_large_image","twitter_misc":{"Written by":"Anna Brasca","Estimated reading time":"19 minutes"},"schema":{"@context":"https:\/\/schema.org","@graph":[{"@type":"Article","@id":"https:\/\/www.studiochiesa.it\/dal-b2b-al-b2p\/#article","isPartOf":{"@id":"https:\/\/www.studiochiesa.it\/dal-b2b-al-b2p\/"},"author":{"name":"Anna Brasca","@id":"https:\/\/www.studiochiesa.it\/en\/#\/schema\/person\/b88881d1831fb372f1b92a66d564d5ca"},"headline":"DAL B2B AL B2P","datePublished":"2025-05-29T13:30:28+00:00","dateModified":"2025-05-29T14:09:14+00:00","mainEntityOfPage":{"@id":"https:\/\/www.studiochiesa.it\/dal-b2b-al-b2p\/"},"wordCount":3162,"publisher":{"@id":"https:\/\/www.studiochiesa.it\/en\/#organization"},"image":{"@id":"https:\/\/www.studiochiesa.it\/dal-b2b-al-b2p\/#primaryimage"},"thumbnailUrl":"https:\/\/www.studiochiesa.it\/wp-content\/uploads\/2025\/05\/2025-05-29-CELADA.jpg","articleSection":["Heritage"],"inLanguage":"en-GB","copyrightYear":"2025","copyrightHolder":{"@id":"https:\/\/www.studiochiesa.it\/en\/#organization"}},{"@type":"WebPage","@id":"https:\/\/www.studiochiesa.it\/dal-b2b-al-b2p\/","url":"https:\/\/www.studiochiesa.it\/dal-b2b-al-b2p\/","name":"DAL B2B AL B2P - Studio Chiesa","isPartOf":{"@id":"https:\/\/www.studiochiesa.it\/en\/#website"},"primaryImageOfPage":{"@id":"https:\/\/www.studiochiesa.it\/dal-b2b-al-b2p\/#primaryimage"},"image":{"@id":"https:\/\/www.studiochiesa.it\/dal-b2b-al-b2p\/#primaryimage"},"thumbnailUrl":"https:\/\/www.studiochiesa.it\/wp-content\/uploads\/2025\/05\/2025-05-29-CELADA.jpg","datePublished":"2025-05-29T13:30:28+00:00","dateModified":"2025-05-29T14:09:14+00:00","description":"No, non \u00e8 refuso. Ricominciamo dall\u2019inizio, dall\u2019abbicc\u00ec del marketing: un business \u00e8 B2B o B2C a seconda del tipo di clientela a cui \u00e8 orientato. Punto.","breadcrumb":{"@id":"https:\/\/www.studiochiesa.it\/dal-b2b-al-b2p\/#breadcrumb"},"inLanguage":"en-GB","potentialAction":[{"@type":"ReadAction","target":["https:\/\/www.studiochiesa.it\/dal-b2b-al-b2p\/"]}]},{"@type":"ImageObject","inLanguage":"en-GB","@id":"https:\/\/www.studiochiesa.it\/dal-b2b-al-b2p\/#primaryimage","url":"https:\/\/www.studiochiesa.it\/wp-content\/uploads\/2025\/05\/2025-05-29-CELADA.jpg","contentUrl":"https:\/\/www.studiochiesa.it\/wp-content\/uploads\/2025\/05\/2025-05-29-CELADA.jpg","width":1200,"height":628},{"@type":"BreadcrumbList","@id":"https:\/\/www.studiochiesa.it\/dal-b2b-al-b2p\/#breadcrumb","itemListElement":[{"@type":"ListItem","position":1,"name":"Home","item":"https:\/\/www.studiochiesa.it\/"},{"@type":"ListItem","position":2,"name":"DAL B2B AL B2P"}]},{"@type":"WebSite","@id":"https:\/\/www.studiochiesa.it\/en\/#website","url":"https:\/\/www.studiochiesa.it\/en\/","name":"Studio Chiesa","description":"","publisher":{"@id":"https:\/\/www.studiochiesa.it\/en\/#organization"},"potentialAction":[{"@type":"SearchAction","target":{"@type":"EntryPoint","urlTemplate":"https:\/\/www.studiochiesa.it\/en\/?s={search_term_string}"},"query-input":{"@type":"PropertyValueSpecification","valueRequired":true,"valueName":"search_term_string"}}],"inLanguage":"en-GB"},{"@type":["Organization","Place"],"@id":"https:\/\/www.studiochiesa.it\/en\/#organization","name":"Studio Chiesa Communication","alternateName":"Studio Chiesa","url":"https:\/\/www.studiochiesa.it\/en\/","logo":{"@id":"https:\/\/www.studiochiesa.it\/dal-b2b-al-b2p\/#local-main-organization-logo"},"image":{"@id":"https:\/\/www.studiochiesa.it\/dal-b2b-al-b2p\/#local-main-organization-logo"},"sameAs":["https:\/\/www.facebook.com\/pages\/Studio-Chiesa\/407194632625821","https:\/\/www.linkedin.com\/company\/studio-chiesa\/","https:\/\/www.instagram.com\/studiochiesa\/","https:\/\/www.youtube.com\/user\/StudioChiesa"],"address":{"@id":"https:\/\/www.studiochiesa.it\/dal-b2b-al-b2p\/#local-main-place-address"},"geo":{"@type":"GeoCoordinates","latitude":"45.450479","longitude":"9.1723044"},"telephone":["+39 0254116738"],"openingHoursSpecification":[{"@type":"OpeningHoursSpecification","dayOfWeek":["Monday","Tuesday","Wednesday","Thursday","Friday","Saturday","Sunday"],"opens":"09:00","closes":"17:00"}],"vatID":"01687340206"},{"@type":"Person","@id":"https:\/\/www.studiochiesa.it\/en\/#\/schema\/person\/b88881d1831fb372f1b92a66d564d5ca","name":"Anna Brasca","image":{"@type":"ImageObject","inLanguage":"en-GB","@id":"https:\/\/secure.gravatar.com\/avatar\/0dd1f84ae4721a181705fd5431b9db97a45a6c736eb0e74ffc4e9912c97186a8?s=96&d=mm&r=g","url":"https:\/\/secure.gravatar.com\/avatar\/0dd1f84ae4721a181705fd5431b9db97a45a6c736eb0e74ffc4e9912c97186a8?s=96&d=mm&r=g","contentUrl":"https:\/\/secure.gravatar.com\/avatar\/0dd1f84ae4721a181705fd5431b9db97a45a6c736eb0e74ffc4e9912c97186a8?s=96&d=mm&r=g","caption":"Anna Brasca"},"description":"Da sempre innamorata del mondo della carta stampata, sono stata per diversi anni direttrice editoriale di De Agostini Publishing Italia mentre oggi ho un\u2019agenzia editoriale che mi consente di restare in contatto con libri e pubblicazioni destinati sia agli adulti sia ai kids. Collaboro con Studio Chiesa Communication nell\u2019ambito della cultura d\u2019impresa, un tema che mi ha consentito di scoprire quanta inaspettata bellezza ci sia nell\u2019industria italiana.","sameAs":["https:\/\/www.linkedin.com\/in\/annabrasca\/"],"url":"https:\/\/www.studiochiesa.it\/en\/author\/anna-brasca\/"},{"@type":"PostalAddress","@id":"https:\/\/www.studiochiesa.it\/dal-b2b-al-b2p\/#local-main-place-address","streetAddress":"Piazza Arcole, 4","addressLocality":"Milano","postalCode":"20143","addressRegion":"Italia","addressCountry":"IT"},{"@type":"ImageObject","inLanguage":"en-GB","@id":"https:\/\/www.studiochiesa.it\/dal-b2b-al-b2p\/#local-main-organization-logo","url":"https:\/\/www.studiochiesa.it\/wp-content\/uploads\/2023\/05\/quadratino_SC.jpg","contentUrl":"https:\/\/www.studiochiesa.it\/wp-content\/uploads\/2023\/05\/quadratino_SC.jpg","width":696,"height":696,"caption":"Studio Chiesa Communication"}]},"geo.placename":"Milano","geo.position":{"lat":"45.450479","long":"9.1723044"},"geo.region":"Italy"},"_links":{"self":[{"href":"https:\/\/www.studiochiesa.it\/en\/wp-json\/wp\/v2\/posts\/44814","targetHints":{"allow":["GET"]}}],"collection":[{"href":"https:\/\/www.studiochiesa.it\/en\/wp-json\/wp\/v2\/posts"}],"about":[{"href":"https:\/\/www.studiochiesa.it\/en\/wp-json\/wp\/v2\/types\/post"}],"author":[{"embeddable":true,"href":"https:\/\/www.studiochiesa.it\/en\/wp-json\/wp\/v2\/users\/14"}],"replies":[{"embeddable":true,"href":"https:\/\/www.studiochiesa.it\/en\/wp-json\/wp\/v2\/comments?post=44814"}],"version-history":[{"count":29,"href":"https:\/\/www.studiochiesa.it\/en\/wp-json\/wp\/v2\/posts\/44814\/revisions"}],"predecessor-version":[{"id":44858,"href":"https:\/\/www.studiochiesa.it\/en\/wp-json\/wp\/v2\/posts\/44814\/revisions\/44858"}],"wp:featuredmedia":[{"embeddable":true,"href":"https:\/\/www.studiochiesa.it\/en\/wp-json\/wp\/v2\/media\/44838"}],"wp:attachment":[{"href":"https:\/\/www.studiochiesa.it\/en\/wp-json\/wp\/v2\/media?parent=44814"}],"wp:term":[{"taxonomy":"category","embeddable":true,"href":"https:\/\/www.studiochiesa.it\/en\/wp-json\/wp\/v2\/categories?post=44814"},{"taxonomy":"post_tag","embeddable":true,"href":"https:\/\/www.studiochiesa.it\/en\/wp-json\/wp\/v2\/tags?post=44814"}],"curies":[{"name":"wp","href":"https:\/\/api.w.org\/{rel}","templated":true}]}}