{"id":45062,"date":"2025-09-15T09:38:01","date_gmt":"2025-09-15T07:38:01","guid":{"rendered":"https:\/\/www.studiochiesa.it\/?p=45062"},"modified":"2025-09-15T09:40:05","modified_gmt":"2025-09-15T07:40:05","slug":"no-la-relazione-con-il-cliente-non-e-una-frase-fatta","status":"publish","type":"post","link":"https:\/\/www.studiochiesa.it\/en\/no-la-relazione-con-il-cliente-non-e-una-frase-fatta\/","title":{"rendered":"No, la \u201crelazione con il cliente\u201d non \u00e8 una frase fatta"},"content":{"rendered":"<div data-elementor-type=\"wp-post\" data-elementor-id=\"45062\" class=\"elementor elementor-45062\" data-elementor-post-type=\"post\">\n\t\t\t\t<div class=\"elementor-element elementor-element-146b0acc e-flex e-con-boxed e-con e-parent\" data-id=\"146b0acc\" data-element_type=\"container\" data-settings=\"{&quot;jet_parallax_layout_list&quot;:[]}\">\n\t\t\t\t\t<div class=\"e-con-inner\">\n\t\t\t\t<div class=\"elementor-element elementor-element-32edebc7 elementor-widget elementor-widget-text-editor\" data-id=\"32edebc7\" data-element_type=\"widget\" data-widget_type=\"text-editor.default\">\n\t\t\t\t<div class=\"elementor-widget-container\">\n\t\t\t\t\t\t\t\t\t<p>Quante volte abbiamo sentito parlare di \u201crelazione con il cliente\u201d? Soprattutto nel B2B, per eccellenza il modello che presuppone rapporti stretti e duraturi tra cliente e fornitore. Lo si dice nei briefing, nelle call iniziali, nei documenti di onboarding: \u201cCostruiamo insieme un rapporto di fiducia\u201d, \u201clavoriamo in partnership\u201d, \u201csiamo dalla stessa parte\u201d.<\/p><p><strong>Il contratto lo firma un\u2019azienda. Ma il lavoro lo fanno le persone.<\/strong><\/p><p>Nel B2B \u00e8 facile dimenticarselo, perch\u00e9 ci si confronta con ruoli, funzioni, job title. Si parla a nome di un brand, si risponde per un dipartimento. Ma poi \u2013 dentro alle mail, ai feedback, alle revisioni \u2013 ci sono persone reali, che ascoltano, interpretano, prendono decisioni\u2026 E ogni relazione di lavoro diventa, in fondo, una forma di relazione tra persone che devono capirsi.<\/p><p><strong>Fiducia e chiarezza, anche senza confidenza.<\/strong><\/p><p>A volte si confonde il concetto di \u201crelazione\u201d con quello di \u201cconfidenza\u201d, come se per collaborare bene servisse essere sempre in sintonia, o avere lo stesso identico stile di comunicazione. Diciamolo una volta per tutte: non \u00e8 cos\u00ec!<br \/><br \/>Ci\u00f2 che conta davvero in una buona relazione professionale nel B2B sono il rispetto, l\u2019ascolto e la trasparenza. Significa che un cliente sa di poter parlare apertamente al fornitore anche delle sfide che si trova ad affrontare e che, forti della fiducia reciproca, insieme studieranno e metteranno a punto una soluzione su misura, che spesso si riveler\u00e0 win-win.<\/p><p><strong>Anche noi, come agenzia, siamo dentro la relazione.<\/strong><\/p><p>Sarebbe riduttivo presentarci come \u201cquelli che forniscono soluzioni\u201d. Siamo parte integrante del processo. Offriamo consulenza, certo, ma siamo anche interlocutori attivi: portiamo abitudini, punti di vista, pressioni, limiti.<br \/>Ammettiamo che anche per noi, a volte, pu\u00f2 non essere semplice stare nella relazione con la costanza, l\u2019attenzione e la cura che merita. Ma lo sappiamo bene: quando una relazione \u00e8 solida, tutto diventa pi\u00f9 facile. Si lavora meglio, si cresce insieme, si sbaglia perfino con pi\u00f9 libert\u00e0. I progetti non sono solo da consegnare: sono da condividere.<\/p><p><strong>Quindi?<\/strong><\/p><p>Nel B2B le relazioni non si costruiscono con le dichiarazioni di intenti. Si costruiscono nel tempo, nei dettagli, nella puntualit\u00e0, nei feedback chiari. E s\u00ec, anche nei \u201ccome va?\u201d che non siano solo di circostanza. In breve, nei momenti in cui si sceglie di collaborare davvero.<br \/><br \/>E forse non \u00e8 cos\u00ec importante capire se le relazioni contano pi\u00f9 della strategia, della competenza o del risultato. Quello che dopo tutti questi anni sappiamo per certo \u00e8 che una buona relazione non \u00e8 \u2013 e mai potr\u00e0 essere \u2013 una frase fatta. Perch\u00e9, se non ci fosse, anche il miglior progetto faticherebbe a trovare strada.<\/p>\t\t\t\t\t\t\t\t<\/div>\n\t\t\t\t<\/div>\n\t\t\t\t\t<\/div>\n\t\t\t\t<\/div>\n\t\t\t\t<\/div>","protected":false},"excerpt":{"rendered":"<p>Quante volte abbiamo sentito parlare di \u201crelazione con il cliente\u201d? Soprattutto nel B2B, per eccellenza il modello che presuppone rapporti stretti e duraturi tra cliente e fornitore. <\/p>","protected":false},"author":21,"featured_media":45063,"comment_status":"closed","ping_status":"closed","sticky":false,"template":"","format":"standard","meta":{"footnotes":""},"categories":[137],"tags":[],"class_list":["post-45062","post","type-post","status-publish","format-standard","has-post-thumbnail","hentry","category-digital-marketing"],"yoast_head":"<!-- This site is optimized with the Yoast SEO Premium plugin v26.3 (Yoast SEO v27.5) - https:\/\/yoast.com\/product\/yoast-seo-premium-wordpress\/ -->\n<title>No, la \u201crelazione con il cliente\u201d non \u00e8 una frase fatta - Studio Chiesa<\/title>\n<meta name=\"description\" content=\"Quante volte abbiamo sentito parlare di \u201crelazione con il cliente\u201d? Soprattutto nel B2B, per eccellenza il modello che presuppone rapporti stretti e duraturi tra cliente e fornitore.\" \/>\n<meta name=\"robots\" content=\"index, follow, max-snippet:-1, max-image-preview:large, max-video-preview:-1\" \/>\n<link rel=\"canonical\" href=\"https:\/\/www.studiochiesa.it\/en\/no-la-relazione-con-il-cliente-non-e-una-frase-fatta\/\" \/>\n<meta property=\"og:locale\" content=\"en_GB\" \/>\n<meta property=\"og:type\" content=\"article\" \/>\n<meta property=\"og:title\" content=\"No, la \u201crelazione con il cliente\u201d non \u00e8 una frase fatta\" \/>\n<meta property=\"og:description\" content=\"Quante volte abbiamo sentito parlare di \u201crelazione con il cliente\u201d? Soprattutto nel B2B, per eccellenza il modello che presuppone rapporti stretti e duraturi tra cliente e fornitore.\" \/>\n<meta property=\"og:url\" content=\"https:\/\/www.studiochiesa.it\/en\/no-la-relazione-con-il-cliente-non-e-una-frase-fatta\/\" \/>\n<meta property=\"og:site_name\" content=\"Studio Chiesa\" \/>\n<meta property=\"article:publisher\" content=\"https:\/\/www.facebook.com\/pages\/Studio-Chiesa\/407194632625821\" \/>\n<meta property=\"article:published_time\" content=\"2025-09-15T07:38:01+00:00\" \/>\n<meta property=\"article:modified_time\" content=\"2025-09-15T07:40:05+00:00\" \/>\n<meta property=\"og:image\" content=\"https:\/\/www.studiochiesa.it\/wp-content\/uploads\/2025\/09\/2025_09_11_RelazioneCliente_Magazine.jpg\" \/>\n\t<meta property=\"og:image:width\" content=\"1200\" \/>\n\t<meta property=\"og:image:height\" content=\"628\" \/>\n\t<meta property=\"og:image:type\" content=\"image\/jpeg\" \/>\n<meta name=\"author\" content=\"Francesca Cerutti\" \/>\n<meta name=\"twitter:card\" content=\"summary_large_image\" \/>\n<meta name=\"twitter:label1\" content=\"Written by\" \/>\n\t<meta name=\"twitter:data1\" content=\"Francesca Cerutti\" \/>\n\t<meta name=\"twitter:label2\" content=\"Estimated reading time\" \/>\n\t<meta name=\"twitter:data2\" content=\"3 minutes\" \/>\n<script type=\"application\/ld+json\" class=\"yoast-schema-graph\">{\"@context\":\"https:\\\/\\\/schema.org\",\"@graph\":[{\"@type\":\"Article\",\"@id\":\"https:\\\/\\\/www.studiochiesa.it\\\/no-la-relazione-con-il-cliente-non-e-una-frase-fatta\\\/#article\",\"isPartOf\":{\"@id\":\"https:\\\/\\\/www.studiochiesa.it\\\/no-la-relazione-con-il-cliente-non-e-una-frase-fatta\\\/\"},\"author\":{\"name\":\"Francesca Cerutti\",\"@id\":\"https:\\\/\\\/www.studiochiesa.it\\\/en\\\/#\\\/schema\\\/person\\\/d195aeac0d9c630f195a73d93d23b853\"},\"headline\":\"No, la \u201crelazione con il cliente\u201d non \u00e8 una frase fatta\",\"datePublished\":\"2025-09-15T07:38:01+00:00\",\"dateModified\":\"2025-09-15T07:40:05+00:00\",\"mainEntityOfPage\":{\"@id\":\"https:\\\/\\\/www.studiochiesa.it\\\/no-la-relazione-con-il-cliente-non-e-una-frase-fatta\\\/\"},\"wordCount\":434,\"publisher\":{\"@id\":\"https:\\\/\\\/www.studiochiesa.it\\\/en\\\/#organization\"},\"image\":{\"@id\":\"https:\\\/\\\/www.studiochiesa.it\\\/no-la-relazione-con-il-cliente-non-e-una-frase-fatta\\\/#primaryimage\"},\"thumbnailUrl\":\"https:\\\/\\\/www.studiochiesa.it\\\/wp-content\\\/uploads\\\/2025\\\/09\\\/2025_09_11_RelazioneCliente_Magazine.jpg\",\"articleSection\":[\"Digital Marketing\"],\"inLanguage\":\"en-GB\",\"copyrightYear\":\"2025\",\"copyrightHolder\":{\"@id\":\"https:\\\/\\\/www.studiochiesa.it\\\/en\\\/#organization\"}},{\"@type\":\"WebPage\",\"@id\":\"https:\\\/\\\/www.studiochiesa.it\\\/no-la-relazione-con-il-cliente-non-e-una-frase-fatta\\\/\",\"url\":\"https:\\\/\\\/www.studiochiesa.it\\\/no-la-relazione-con-il-cliente-non-e-una-frase-fatta\\\/\",\"name\":\"No, la \u201crelazione con il cliente\u201d non \u00e8 una frase fatta - Studio Chiesa\",\"isPartOf\":{\"@id\":\"https:\\\/\\\/www.studiochiesa.it\\\/en\\\/#website\"},\"primaryImageOfPage\":{\"@id\":\"https:\\\/\\\/www.studiochiesa.it\\\/no-la-relazione-con-il-cliente-non-e-una-frase-fatta\\\/#primaryimage\"},\"image\":{\"@id\":\"https:\\\/\\\/www.studiochiesa.it\\\/no-la-relazione-con-il-cliente-non-e-una-frase-fatta\\\/#primaryimage\"},\"thumbnailUrl\":\"https:\\\/\\\/www.studiochiesa.it\\\/wp-content\\\/uploads\\\/2025\\\/09\\\/2025_09_11_RelazioneCliente_Magazine.jpg\",\"datePublished\":\"2025-09-15T07:38:01+00:00\",\"dateModified\":\"2025-09-15T07:40:05+00:00\",\"description\":\"Quante volte abbiamo sentito parlare di \u201crelazione con il cliente\u201d? Soprattutto nel B2B, per eccellenza il modello che presuppone rapporti stretti e duraturi tra cliente e fornitore.\",\"breadcrumb\":{\"@id\":\"https:\\\/\\\/www.studiochiesa.it\\\/no-la-relazione-con-il-cliente-non-e-una-frase-fatta\\\/#breadcrumb\"},\"inLanguage\":\"en-GB\",\"potentialAction\":[{\"@type\":\"ReadAction\",\"target\":[\"https:\\\/\\\/www.studiochiesa.it\\\/no-la-relazione-con-il-cliente-non-e-una-frase-fatta\\\/\"]}]},{\"@type\":\"ImageObject\",\"inLanguage\":\"en-GB\",\"@id\":\"https:\\\/\\\/www.studiochiesa.it\\\/no-la-relazione-con-il-cliente-non-e-una-frase-fatta\\\/#primaryimage\",\"url\":\"https:\\\/\\\/www.studiochiesa.it\\\/wp-content\\\/uploads\\\/2025\\\/09\\\/2025_09_11_RelazioneCliente_Magazine.jpg\",\"contentUrl\":\"https:\\\/\\\/www.studiochiesa.it\\\/wp-content\\\/uploads\\\/2025\\\/09\\\/2025_09_11_RelazioneCliente_Magazine.jpg\",\"width\":1200,\"height\":628,\"caption\":\"SSUCv3H4sIAAAAAAAACpxW266bOhB9P1L\\\/IeK5kXwF3F+p+mCMIVbBjmyTo5yq\\\/94BwhbYRN06eQrDYjxrzcXz68s\\\/l0vRyGBU8e3ya36CZzMMU4heRuMsmNHXl91r22q\\\/t+jWROeNHPbGRkZ1s3LUYLTTMMzm38vLIkQZp6DDfNjLpGTUPfhYjR8u1oi+r8+X7cXyEr6AV0XxdWcLU7PYNtPq\\\/H99uf75sbGRvbbquQS8I+L1oOVK5BVjwUVFu6rprm0l+ZVpzK4Ct+raSqZIU6Ky4nw5ZXVd\\\/Pw3aj\\\/uWXvXuLhnXVRMUFQkERnbzul5HpAl4ginyGYKxuoQEiQTGbKTChKZuMSsFClQmgMGIBUvGc\\\/8TXHyOjmXUPqGy1pBf2GjbQ9stDe2P4pUwi+Lc4pu3Cp4h+UUZYJGDfXqBtdnkmJy5jdRSdD6lL4J8VjEbyRIco6pYATVVYpTbrxPUDJHMCqJyNQf5ZG1KDnP5Gx1MP0RV2KCxMm542SNysUEOnmYYZT+c4SMte5x6hVnKXqktFFNybsCSThxnHHvvbzf0uRAGWeJhClow935eBYnx1kylbNWqxMsJVmJtjLcGid9e4ASLCrMqixkYyH3VseL6y7xBj0QPiWyXEfMsf0z5R4mTHIw\\\/+UsKUMY8XwM+Gg6o6BvL3Ngw2DmMak\\\/NRtAI6XvxxopERyTApd5mGTpdCLe5uY9SWmFCWWnQsK8S4JFmOfqPYyPIEza8CSLoDW9iQlQ1Jy883jxGvSOz09UdXiGqMdULZ6FIKd+1MCtPfVdC4oZz3PxbLKJgiinbxQe\\\/y5vqx96cPc5lGz25YPKwUKRtAohdXZ8UCYrr\\\/mOyHqqn473U0ko1HuWBXrsOVGRKtPd64cbpqwhBGEsa06ZasholZFg8XaUr67q\\\/CJ2k09woq7Fh8y7HUROrXG79eHhlBzmZqc70N1Dly4X5rZwuXhbUr59ptxk122igAGy7UbF4NxdNsOseQdu9UclyBDgi1nAxb47S8FV7uYS2Y6yLi4r0mvjgokXZ38wrEBEGCxEiAomI6rLF2DdD29wc67LyOYIntVP0+73RjNHUEhWsw6Wq6tGTXNllWyvEuPm2giGRKc6InEL0v3+AwAA\\\/\\\/8DAC7FYbPpCgAA\"},{\"@type\":\"BreadcrumbList\",\"@id\":\"https:\\\/\\\/www.studiochiesa.it\\\/no-la-relazione-con-il-cliente-non-e-una-frase-fatta\\\/#breadcrumb\",\"itemListElement\":[{\"@type\":\"ListItem\",\"position\":1,\"name\":\"Home\",\"item\":\"https:\\\/\\\/www.studiochiesa.it\\\/\"},{\"@type\":\"ListItem\",\"position\":2,\"name\":\"No, la \u201crelazione con il cliente\u201d non \u00e8 una frase fatta\"}]},{\"@type\":\"WebSite\",\"@id\":\"https:\\\/\\\/www.studiochiesa.it\\\/en\\\/#website\",\"url\":\"https:\\\/\\\/www.studiochiesa.it\\\/en\\\/\",\"name\":\"Studio Chiesa\",\"description\":\"\",\"publisher\":{\"@id\":\"https:\\\/\\\/www.studiochiesa.it\\\/en\\\/#organization\"},\"potentialAction\":[{\"@type\":\"SearchAction\",\"target\":{\"@type\":\"EntryPoint\",\"urlTemplate\":\"https:\\\/\\\/www.studiochiesa.it\\\/en\\\/?s={search_term_string}\"},\"query-input\":{\"@type\":\"PropertyValueSpecification\",\"valueRequired\":true,\"valueName\":\"search_term_string\"}}],\"inLanguage\":\"en-GB\"},{\"@type\":[\"Organization\",\"Place\"],\"@id\":\"https:\\\/\\\/www.studiochiesa.it\\\/en\\\/#organization\",\"name\":\"Studio Chiesa Communication\",\"alternateName\":\"Studio Chiesa\",\"url\":\"https:\\\/\\\/www.studiochiesa.it\\\/en\\\/\",\"logo\":{\"@id\":\"https:\\\/\\\/www.studiochiesa.it\\\/no-la-relazione-con-il-cliente-non-e-una-frase-fatta\\\/#local-main-organization-logo\"},\"image\":{\"@id\":\"https:\\\/\\\/www.studiochiesa.it\\\/no-la-relazione-con-il-cliente-non-e-una-frase-fatta\\\/#local-main-organization-logo\"},\"sameAs\":[\"https:\\\/\\\/www.facebook.com\\\/pages\\\/Studio-Chiesa\\\/407194632625821\",\"https:\\\/\\\/www.linkedin.com\\\/company\\\/studio-chiesa\\\/\",\"https:\\\/\\\/www.instagram.com\\\/studiochiesa\\\/\",\"https:\\\/\\\/www.youtube.com\\\/user\\\/StudioChiesa\"],\"address\":{\"@id\":\"https:\\\/\\\/www.studiochiesa.it\\\/no-la-relazione-con-il-cliente-non-e-una-frase-fatta\\\/#local-main-place-address\"},\"geo\":{\"@type\":\"GeoCoordinates\",\"latitude\":\"45.450479\",\"longitude\":\"9.1723044\"},\"telephone\":[\"+39 0254116738\"],\"openingHoursSpecification\":[{\"@type\":\"OpeningHoursSpecification\",\"dayOfWeek\":[\"Monday\",\"Tuesday\",\"Wednesday\",\"Thursday\",\"Friday\",\"Saturday\",\"Sunday\"],\"opens\":\"09:00\",\"closes\":\"17:00\"}],\"vatID\":\"01687340206\"},{\"@type\":\"Person\",\"@id\":\"https:\\\/\\\/www.studiochiesa.it\\\/en\\\/#\\\/schema\\\/person\\\/d195aeac0d9c630f195a73d93d23b853\",\"name\":\"Francesca Cerutti\",\"image\":{\"@type\":\"ImageObject\",\"inLanguage\":\"en-GB\",\"@id\":\"https:\\\/\\\/secure.gravatar.com\\\/avatar\\\/10f05f4086c9cdd604bd43323c94037b7451bf1c67b4e3093942006e0b400a27?s=96&d=mm&r=g\",\"url\":\"https:\\\/\\\/secure.gravatar.com\\\/avatar\\\/10f05f4086c9cdd604bd43323c94037b7451bf1c67b4e3093942006e0b400a27?s=96&d=mm&r=g\",\"contentUrl\":\"https:\\\/\\\/secure.gravatar.com\\\/avatar\\\/10f05f4086c9cdd604bd43323c94037b7451bf1c67b4e3093942006e0b400a27?s=96&d=mm&r=g\",\"caption\":\"Francesca Cerutti\"},\"description\":\"Sempre alla ricerca di storie che meritino di essere raccontate. Laureata in Lingue per l'impresa e specializzata in Traduzione professionale e Marketing Management, coordina la rivista letteraria Magma Magazine. Ha pubblicato nel 2023 la raccolta di racconti \u00abPretendi un amore che non pretende niente\u00bb (AUGH! Edizioni).\",\"sameAs\":[\"https:\\\/\\\/www.linkedin.com\\\/in\\\/francesca-cerutti-content-specialist\\\/\"],\"url\":\"https:\\\/\\\/www.studiochiesa.it\\\/en\\\/author\\\/francesca-cerutti\\\/\"},{\"@type\":\"PostalAddress\",\"@id\":\"https:\\\/\\\/www.studiochiesa.it\\\/no-la-relazione-con-il-cliente-non-e-una-frase-fatta\\\/#local-main-place-address\",\"streetAddress\":\"Piazza Arcole, 4\",\"addressLocality\":\"Milano\",\"postalCode\":\"20143\",\"addressRegion\":\"Italia\",\"addressCountry\":\"IT\"},{\"@type\":\"ImageObject\",\"inLanguage\":\"en-GB\",\"@id\":\"https:\\\/\\\/www.studiochiesa.it\\\/no-la-relazione-con-il-cliente-non-e-una-frase-fatta\\\/#local-main-organization-logo\",\"url\":\"https:\\\/\\\/www.studiochiesa.it\\\/wp-content\\\/uploads\\\/2023\\\/05\\\/quadratino_SC.jpg\",\"contentUrl\":\"https:\\\/\\\/www.studiochiesa.it\\\/wp-content\\\/uploads\\\/2023\\\/05\\\/quadratino_SC.jpg\",\"width\":696,\"height\":696,\"caption\":\"Studio Chiesa Communication\"}]}<\/script>\n<meta name=\"geo.placename\" content=\"Milano\" \/>\n<meta name=\"geo.position\" content=\"45.450479;9.1723044\" \/>\n<meta name=\"geo.region\" content=\"Italy\" \/>\n<!-- \/ Yoast SEO Premium plugin. -->","yoast_head_json":{"title":"No, la \u201crelazione con il cliente\u201d non \u00e8 una frase fatta - Studio Chiesa","description":"Quante volte abbiamo sentito parlare di \u201crelazione con il cliente\u201d? Soprattutto nel B2B, per eccellenza il modello che presuppone rapporti stretti e duraturi tra cliente e fornitore.","robots":{"index":"index","follow":"follow","max-snippet":"max-snippet:-1","max-image-preview":"max-image-preview:large","max-video-preview":"max-video-preview:-1"},"canonical":"https:\/\/www.studiochiesa.it\/en\/no-la-relazione-con-il-cliente-non-e-una-frase-fatta\/","og_locale":"en_GB","og_type":"article","og_title":"No, la \u201crelazione con il cliente\u201d non \u00e8 una frase fatta","og_description":"Quante volte abbiamo sentito parlare di \u201crelazione con il cliente\u201d? Soprattutto nel B2B, per eccellenza il modello che presuppone rapporti stretti e duraturi tra cliente e fornitore.","og_url":"https:\/\/www.studiochiesa.it\/en\/no-la-relazione-con-il-cliente-non-e-una-frase-fatta\/","og_site_name":"Studio Chiesa","article_publisher":"https:\/\/www.facebook.com\/pages\/Studio-Chiesa\/407194632625821","article_published_time":"2025-09-15T07:38:01+00:00","article_modified_time":"2025-09-15T07:40:05+00:00","og_image":[{"width":1200,"height":628,"url":"https:\/\/www.studiochiesa.it\/wp-content\/uploads\/2025\/09\/2025_09_11_RelazioneCliente_Magazine.jpg","type":"image\/jpeg"}],"author":"Francesca Cerutti","twitter_card":"summary_large_image","twitter_misc":{"Written by":"Francesca Cerutti","Estimated reading time":"3 minutes"},"schema":{"@context":"https:\/\/schema.org","@graph":[{"@type":"Article","@id":"https:\/\/www.studiochiesa.it\/no-la-relazione-con-il-cliente-non-e-una-frase-fatta\/#article","isPartOf":{"@id":"https:\/\/www.studiochiesa.it\/no-la-relazione-con-il-cliente-non-e-una-frase-fatta\/"},"author":{"name":"Francesca Cerutti","@id":"https:\/\/www.studiochiesa.it\/en\/#\/schema\/person\/d195aeac0d9c630f195a73d93d23b853"},"headline":"No, la \u201crelazione con il cliente\u201d non \u00e8 una frase fatta","datePublished":"2025-09-15T07:38:01+00:00","dateModified":"2025-09-15T07:40:05+00:00","mainEntityOfPage":{"@id":"https:\/\/www.studiochiesa.it\/no-la-relazione-con-il-cliente-non-e-una-frase-fatta\/"},"wordCount":434,"publisher":{"@id":"https:\/\/www.studiochiesa.it\/en\/#organization"},"image":{"@id":"https:\/\/www.studiochiesa.it\/no-la-relazione-con-il-cliente-non-e-una-frase-fatta\/#primaryimage"},"thumbnailUrl":"https:\/\/www.studiochiesa.it\/wp-content\/uploads\/2025\/09\/2025_09_11_RelazioneCliente_Magazine.jpg","articleSection":["Digital Marketing"],"inLanguage":"en-GB","copyrightYear":"2025","copyrightHolder":{"@id":"https:\/\/www.studiochiesa.it\/en\/#organization"}},{"@type":"WebPage","@id":"https:\/\/www.studiochiesa.it\/no-la-relazione-con-il-cliente-non-e-una-frase-fatta\/","url":"https:\/\/www.studiochiesa.it\/no-la-relazione-con-il-cliente-non-e-una-frase-fatta\/","name":"No, la \u201crelazione con il cliente\u201d non \u00e8 una frase fatta - Studio Chiesa","isPartOf":{"@id":"https:\/\/www.studiochiesa.it\/en\/#website"},"primaryImageOfPage":{"@id":"https:\/\/www.studiochiesa.it\/no-la-relazione-con-il-cliente-non-e-una-frase-fatta\/#primaryimage"},"image":{"@id":"https:\/\/www.studiochiesa.it\/no-la-relazione-con-il-cliente-non-e-una-frase-fatta\/#primaryimage"},"thumbnailUrl":"https:\/\/www.studiochiesa.it\/wp-content\/uploads\/2025\/09\/2025_09_11_RelazioneCliente_Magazine.jpg","datePublished":"2025-09-15T07:38:01+00:00","dateModified":"2025-09-15T07:40:05+00:00","description":"Quante volte abbiamo sentito parlare di \u201crelazione con il cliente\u201d? Soprattutto nel B2B, per eccellenza il modello che presuppone rapporti stretti e duraturi tra cliente e fornitore.","breadcrumb":{"@id":"https:\/\/www.studiochiesa.it\/no-la-relazione-con-il-cliente-non-e-una-frase-fatta\/#breadcrumb"},"inLanguage":"en-GB","potentialAction":[{"@type":"ReadAction","target":["https:\/\/www.studiochiesa.it\/no-la-relazione-con-il-cliente-non-e-una-frase-fatta\/"]}]},{"@type":"ImageObject","inLanguage":"en-GB","@id":"https:\/\/www.studiochiesa.it\/no-la-relazione-con-il-cliente-non-e-una-frase-fatta\/#primaryimage","url":"https:\/\/www.studiochiesa.it\/wp-content\/uploads\/2025\/09\/2025_09_11_RelazioneCliente_Magazine.jpg","contentUrl":"https:\/\/www.studiochiesa.it\/wp-content\/uploads\/2025\/09\/2025_09_11_RelazioneCliente_Magazine.jpg","width":1200,"height":628,"caption":"SSUCv3H4sIAAAAAAAACpxW266bOhB9P1L\/IeK5kXwF3F+p+mCMIVbBjmyTo5yq\/94BwhbYRN06eQrDYjxrzcXz68s\/l0vRyGBU8e3ya36CZzMMU4heRuMsmNHXl91r22q\/t+jWROeNHPbGRkZ1s3LUYLTTMMzm38vLIkQZp6DDfNjLpGTUPfhYjR8u1oi+r8+X7cXyEr6AV0XxdWcLU7PYNtPq\/H99uf75sbGRvbbquQS8I+L1oOVK5BVjwUVFu6rprm0l+ZVpzK4Ct+raSqZIU6Ky4nw5ZXVd\/Pw3aj\/uWXvXuLhnXVRMUFQkERnbzul5HpAl4ginyGYKxuoQEiQTGbKTChKZuMSsFClQmgMGIBUvGc\/8TXHyOjmXUPqGy1pBf2GjbQ9stDe2P4pUwi+Lc4pu3Cp4h+UUZYJGDfXqBtdnkmJy5jdRSdD6lL4J8VjEbyRIco6pYATVVYpTbrxPUDJHMCqJyNQf5ZG1KDnP5Gx1MP0RV2KCxMm542SNysUEOnmYYZT+c4SMte5x6hVnKXqktFFNybsCSThxnHHvvbzf0uRAGWeJhClow935eBYnx1kylbNWqxMsJVmJtjLcGid9e4ASLCrMqixkYyH3VseL6y7xBj0QPiWyXEfMsf0z5R4mTHIw\/+UsKUMY8XwM+Gg6o6BvL3Ngw2DmMak\/NRtAI6XvxxopERyTApd5mGTpdCLe5uY9SWmFCWWnQsK8S4JFmOfqPYyPIEza8CSLoDW9iQlQ1Jy883jxGvSOz09UdXiGqMdULZ6FIKd+1MCtPfVdC4oZz3PxbLKJgiinbxQe\/y5vqx96cPc5lGz25YPKwUKRtAohdXZ8UCYrr\/mOyHqqn473U0ko1HuWBXrsOVGRKtPd64cbpqwhBGEsa06ZasholZFg8XaUr67q\/CJ2k09woq7Fh8y7HUROrXG79eHhlBzmZqc70N1Dly4X5rZwuXhbUr59ptxk122igAGy7UbF4NxdNsOseQdu9UclyBDgi1nAxb47S8FV7uYS2Y6yLi4r0mvjgokXZ38wrEBEGCxEiAomI6rLF2DdD29wc67LyOYIntVP0+73RjNHUEhWsw6Wq6tGTXNllWyvEuPm2giGRKc6InEL0v3+AwAA\/\/8DAC7FYbPpCgAA"},{"@type":"BreadcrumbList","@id":"https:\/\/www.studiochiesa.it\/no-la-relazione-con-il-cliente-non-e-una-frase-fatta\/#breadcrumb","itemListElement":[{"@type":"ListItem","position":1,"name":"Home","item":"https:\/\/www.studiochiesa.it\/"},{"@type":"ListItem","position":2,"name":"No, la \u201crelazione con il cliente\u201d non \u00e8 una frase fatta"}]},{"@type":"WebSite","@id":"https:\/\/www.studiochiesa.it\/en\/#website","url":"https:\/\/www.studiochiesa.it\/en\/","name":"Studio Chiesa","description":"","publisher":{"@id":"https:\/\/www.studiochiesa.it\/en\/#organization"},"potentialAction":[{"@type":"SearchAction","target":{"@type":"EntryPoint","urlTemplate":"https:\/\/www.studiochiesa.it\/en\/?s={search_term_string}"},"query-input":{"@type":"PropertyValueSpecification","valueRequired":true,"valueName":"search_term_string"}}],"inLanguage":"en-GB"},{"@type":["Organization","Place"],"@id":"https:\/\/www.studiochiesa.it\/en\/#organization","name":"Studio Chiesa Communication","alternateName":"Studio Chiesa","url":"https:\/\/www.studiochiesa.it\/en\/","logo":{"@id":"https:\/\/www.studiochiesa.it\/no-la-relazione-con-il-cliente-non-e-una-frase-fatta\/#local-main-organization-logo"},"image":{"@id":"https:\/\/www.studiochiesa.it\/no-la-relazione-con-il-cliente-non-e-una-frase-fatta\/#local-main-organization-logo"},"sameAs":["https:\/\/www.facebook.com\/pages\/Studio-Chiesa\/407194632625821","https:\/\/www.linkedin.com\/company\/studio-chiesa\/","https:\/\/www.instagram.com\/studiochiesa\/","https:\/\/www.youtube.com\/user\/StudioChiesa"],"address":{"@id":"https:\/\/www.studiochiesa.it\/no-la-relazione-con-il-cliente-non-e-una-frase-fatta\/#local-main-place-address"},"geo":{"@type":"GeoCoordinates","latitude":"45.450479","longitude":"9.1723044"},"telephone":["+39 0254116738"],"openingHoursSpecification":[{"@type":"OpeningHoursSpecification","dayOfWeek":["Monday","Tuesday","Wednesday","Thursday","Friday","Saturday","Sunday"],"opens":"09:00","closes":"17:00"}],"vatID":"01687340206"},{"@type":"Person","@id":"https:\/\/www.studiochiesa.it\/en\/#\/schema\/person\/d195aeac0d9c630f195a73d93d23b853","name":"Francesca Cerutti","image":{"@type":"ImageObject","inLanguage":"en-GB","@id":"https:\/\/secure.gravatar.com\/avatar\/10f05f4086c9cdd604bd43323c94037b7451bf1c67b4e3093942006e0b400a27?s=96&d=mm&r=g","url":"https:\/\/secure.gravatar.com\/avatar\/10f05f4086c9cdd604bd43323c94037b7451bf1c67b4e3093942006e0b400a27?s=96&d=mm&r=g","contentUrl":"https:\/\/secure.gravatar.com\/avatar\/10f05f4086c9cdd604bd43323c94037b7451bf1c67b4e3093942006e0b400a27?s=96&d=mm&r=g","caption":"Francesca Cerutti"},"description":"Sempre alla ricerca di storie che meritino di essere raccontate. Laureata in Lingue per l'impresa e specializzata in Traduzione professionale e Marketing Management, coordina la rivista letteraria Magma Magazine. Ha pubblicato nel 2023 la raccolta di racconti \u00abPretendi un amore che non pretende niente\u00bb (AUGH! Edizioni).","sameAs":["https:\/\/www.linkedin.com\/in\/francesca-cerutti-content-specialist\/"],"url":"https:\/\/www.studiochiesa.it\/en\/author\/francesca-cerutti\/"},{"@type":"PostalAddress","@id":"https:\/\/www.studiochiesa.it\/no-la-relazione-con-il-cliente-non-e-una-frase-fatta\/#local-main-place-address","streetAddress":"Piazza Arcole, 4","addressLocality":"Milano","postalCode":"20143","addressRegion":"Italia","addressCountry":"IT"},{"@type":"ImageObject","inLanguage":"en-GB","@id":"https:\/\/www.studiochiesa.it\/no-la-relazione-con-il-cliente-non-e-una-frase-fatta\/#local-main-organization-logo","url":"https:\/\/www.studiochiesa.it\/wp-content\/uploads\/2023\/05\/quadratino_SC.jpg","contentUrl":"https:\/\/www.studiochiesa.it\/wp-content\/uploads\/2023\/05\/quadratino_SC.jpg","width":696,"height":696,"caption":"Studio Chiesa Communication"}]},"geo.placename":"Milano","geo.position":{"lat":"45.450479","long":"9.1723044"},"geo.region":"Italy"},"_links":{"self":[{"href":"https:\/\/www.studiochiesa.it\/en\/wp-json\/wp\/v2\/posts\/45062","targetHints":{"allow":["GET"]}}],"collection":[{"href":"https:\/\/www.studiochiesa.it\/en\/wp-json\/wp\/v2\/posts"}],"about":[{"href":"https:\/\/www.studiochiesa.it\/en\/wp-json\/wp\/v2\/types\/post"}],"author":[{"embeddable":true,"href":"https:\/\/www.studiochiesa.it\/en\/wp-json\/wp\/v2\/users\/21"}],"replies":[{"embeddable":true,"href":"https:\/\/www.studiochiesa.it\/en\/wp-json\/wp\/v2\/comments?post=45062"}],"version-history":[{"count":8,"href":"https:\/\/www.studiochiesa.it\/en\/wp-json\/wp\/v2\/posts\/45062\/revisions"}],"predecessor-version":[{"id":45071,"href":"https:\/\/www.studiochiesa.it\/en\/wp-json\/wp\/v2\/posts\/45062\/revisions\/45071"}],"wp:featuredmedia":[{"embeddable":true,"href":"https:\/\/www.studiochiesa.it\/en\/wp-json\/wp\/v2\/media\/45063"}],"wp:attachment":[{"href":"https:\/\/www.studiochiesa.it\/en\/wp-json\/wp\/v2\/media?parent=45062"}],"wp:term":[{"taxonomy":"category","embeddable":true,"href":"https:\/\/www.studiochiesa.it\/en\/wp-json\/wp\/v2\/categories?post=45062"},{"taxonomy":"post_tag","embeddable":true,"href":"https:\/\/www.studiochiesa.it\/en\/wp-json\/wp\/v2\/tags?post=45062"}],"curies":[{"name":"wp","href":"https:\/\/api.w.org\/{rel}","templated":true}]}}